{"id":375665,"date":"2026-09-04T18:43:12","date_gmt":"2026-09-04T18:43:12","guid":{"rendered":"https:\/\/www.europesays.com\/at\/375665\/"},"modified":"2026-09-04T18:43:12","modified_gmt":"2026-09-04T18:43:12","slug":"geran-4-drohne-putins-neue-drohnen-sind-toedlich-blitzschnell-und-sie-koennen-sehen","status":"publish","type":"post","link":"https:\/\/www.europesays.com\/at\/375665\/","title":{"rendered":"Geran-4-Drohne: Putins neue Drohnen sind t\u00f6dlich, blitzschnell \u2013 und sie k\u00f6nnen sehen"},"content":{"rendered":"<p class=\"paragraph\">Bei keinem russischen Angriff in diesem Jahr sind so viele Menschen gestorben wie j\u00fcngst im ukrainischen Dorf Myla. Vor wenigen Tagen <a href=\"https:\/\/www.theguardian.com\/world\/2026\/aug\/31\/ukraine-anger-weapons-storage-russian-bombing-myla\" target=\"_blank\" rel=\"nofollow noopener\">traf eine russische Drohne ein Munitionsdepot<\/a> in dem kleinen Ort nahe der Hauptstadt <a class=\"rtr-entity\" href=\"https:\/\/www.zeit.de\/thema\/kiew\" rel=\"nofollow noopener\" target=\"_blank\">Kyjiw<\/a>. Die Explosion war so gewaltig, dass sie ganze Teile des Dorfes zerst\u00f6rte. Insgesamt wurden in Myla in der Nacht des Angriffs am 28. August 38 Menschen get\u00f6tet, 52 wurden verletzt, etwa 300 H\u00e4user besch\u00e4digt.\n<\/p>\n<p class=\"paragraph\">Am selben Tag fand der ukrainische Geheimdienst SBU auch <a href=\"https:\/\/babel.ua\/en\/news\/129754-russians-hit-warehouses-in-the-village-of-myla-in-the-kyiv-region-with-a-geran-4-drone\" target=\"_blank\" rel=\"nofollow noopener\">Tr\u00fcmmerteile der eingesetzten Waffe<\/a>: eine Drohne der neuen Generation, bekannt unter dem Namen Geran-4. Die neuen <a class=\"rtr-entity\" href=\"https:\/\/www.zeit.de\/thema\/drohne\" rel=\"nofollow noopener\" target=\"_blank\">Drohnen<\/a> werden von kleinen D\u00fcsenmotoren angetrieben \u2013 wie ein Kampfflugzeug in Miniatur. Sie fliegen etwa 500 Kilometer pro Stunde. Das ist etwa doppelt so schnell wie bisherige russische Modelle. Die neuen Einmalflieger d\u00fcrften Russland f\u00fcr die kommenden Monate einen Vorteil verschaffen und die Ukraine vor gro\u00dfe Probleme stellen.<\/p>\n","protected":false},"excerpt":{"rendered":"Bei keinem russischen Angriff in diesem Jahr sind so viele Menschen gestorben wie j\u00fcngst im ukrainischen Dorf Myla.&hellip;\n","protected":false},"author":2,"featured_media":375666,"comment_status":"","ping_status":"","sticky":false,"template":"","format":"standard","meta":{"footnotes":"","_share_on_mastodon":"0"},"categories":[12],"tags":[2744,2386,93960,5728,39891,435,40,41,24101,269,1963,39,66,65,64],"class_list":["post-375665","post","type-post","status-publish","format-standard","has-post-thumbnail","category-welt","tag-drohne","tag-europaeische-union","tag-geran-4-drohne","tag-krieg-in-der-ukraine","tag-kyjiw","tag-militaer","tag-nachrichten","tag-news","tag-odessa","tag-politik","tag-russland","tag-schlagzeilen","tag-welt","tag-world","tag-world-news"],"share_on_mastodon":{"url":"https:\/\/pubeurope.com\/@at\/117214249296013859","error":""},"_links":{"self":[{"href":"https:\/\/www.europesays.com\/at\/wp-json\/wp\/v2\/posts\/375665","targetHints":{"allow":["GET"]}}],"collection":[{"href":"https:\/\/www.europesays.com\/at\/wp-json\/wp\/v2\/posts"}],"about":[{"href":"https:\/\/www.europesays.com\/at\/wp-json\/wp\/v2\/types\/post"}],"author":[{"embeddable":true,"href":"https:\/\/www.europesays.com\/at\/wp-json\/wp\/v2\/users\/2"}],"replies":[{"embeddable":true,"href":"https:\/\/www.europesays.com\/at\/wp-json\/wp\/v2\/comments?post=375665"}],"version-history":[{"count":0,"href":"https:\/\/www.europesays.com\/at\/wp-json\/wp\/v2\/posts\/375665\/revisions"}],"wp:featuredmedia":[{"embeddable":true,"href":"https:\/\/www.europesays.com\/at\/wp-json\/wp\/v2\/media\/375666"}],"wp:attachment":[{"href":"https:\/\/www.europesays.com\/at\/wp-json\/wp\/v2\/media?parent=375665"}],"wp:term":[{"taxonomy":"category","embeddable":true,"href":"https:\/\/www.europesays.com\/at\/wp-json\/wp\/v2\/categories?post=375665"},{"taxonomy":"post_tag","embeddable":true,"href":"https:\/\/www.europesays.com\/at\/wp-json\/wp\/v2\/tags?post=375665"}],"curies":[{"name":"wp","href":"https:\/\/api.w.org\/{rel}","templated":true}]}}