{"id":375669,"date":"2026-09-04T18:45:11","date_gmt":"2026-09-04T18:45:11","guid":{"rendered":"https:\/\/www.europesays.com\/at\/375669\/"},"modified":"2026-09-04T18:45:11","modified_gmt":"2026-09-04T18:45:11","slug":"oesterreicher-stuerzt-auf-13-vuelta-etappe","status":"publish","type":"post","link":"https:\/\/www.europesays.com\/at\/375669\/","title":{"rendered":"\u00d6sterreicher st\u00fcrzt auf 13. Vuelta-Etappe"},"content":{"rendered":"<p>Wout van Aert hat bei der diesj\u00e4hrigen Vuelta seinen ersten Tagessieg geholt.<\/p>\n<p>Der Belgier setzt sich auf der 13. Etappe \u00fcber 192,8 km nach Loja aus einer Ausrei\u00dfergruppe im Zielsprint gegen den Franzosen Valentin Paret-Peintre durch.<\/p>\n<p>Van Aerts Visma-Teamkollege Matthew Brennan begn\u00fcgt sich mit dem dritten Platz. In der Gesamtwertung bleibt alles beim Alten: Der Spanier Enric Mas tr\u00e4gt das Rote Trikot weiter 1:45 Minuten vor Primoz Roglic und 2:06 Minuten vor Felix Gall.<\/p>\n<p>M\u00fchlberger st\u00fcrzt nach 30 Kilometern<\/p>\n<p>Gall kommt mit dem Hauptfeld mit drei Minuten R\u00fcckstand im Ziel an. Der Vorsprung des Osttirolers auf den viertplatzierten Richard Carapaz betr\u00e4gt 1:47 Minuten. Der Decathlon-Kapit\u00e4n verliert mit Gregor M\u00fchlberger jedoch einen wichtigen Helfer.<\/p>\n<p>Der formstarke Nieder\u00f6sterreicher kommt nach rund 30 km zum Sturz und muss in Folge aufgeben. M\u00fchlberger lag vor der Etappe als Gesamt-Neunter auf dem Weg zu einer Top-Ten-Platzierung.<\/p>\n<p>Der 32-J\u00e4hrige hat sich laut ersten Informationen eine Kopfblessur zugezogen. Gem\u00e4\u00df einem Decathlon-Sprecher besteht bei M\u00fchlberger der Verdacht einer Gehirnersch\u00fctterung.<\/p>\n<p>Van Aert im Zielsprint souver\u00e4n<\/p>\n<p>Van Aert und Paret-Peintre haben sich rund vier Kilometer vor dem Ziel aus einer neunk\u00f6pfigen Fluchtgruppe abgesetzt.<\/p>\n<p>Der Sprint ist eine klare Sache f\u00fcr den Klassiker-Spezialisten, der den insgesamt vierten Etappensieg bei der Vuelta in seiner Karriere holt. Brennan greift nach bisher drei Etappensiegen bei dieser Tour nicht in die Entscheidung ein.<\/p>\n<p>Am Samstag steht die n\u00e4chste schwere Bergankunft auf dem Programm. Mas geht als Favorit in den 154,9 Kilometer langen Abschnitt zur Sierra de La Pandera. Der 11,8 Kilometer lange Schlussanstieg weist eine durchschnittliche Steigung von 7,5 Prozent auf.<\/p>\n","protected":false},"excerpt":{"rendered":"Wout van Aert hat bei der diesj\u00e4hrigen Vuelta seinen ersten Tagessieg geholt. Der Belgier setzt sich auf der&hellip;\n","protected":false},"author":2,"featured_media":375670,"comment_status":"","ping_status":"","sticky":false,"template":"","format":"standard","meta":{"footnotes":"","_share_on_mastodon":"0"},"categories":[8],"tags":[29151,92124,47620,47621,21841,40,41,80135,8329,39,13635,38,32832],"class_list":["post-375669","post","type-post","status-publish","format-standard","has-post-thumbnail","category-nachrichten","tag-decathlon","tag-enric-mas","tag-felix-gall","tag-gregor-muehlberger","tag-mehr-sport","tag-nachrichten","tag-news","tag-primoz-roglic","tag-radsport","tag-schlagzeilen","tag-sport-mix","tag-top-meldungen","tag-wout-van-aert"],"share_on_mastodon":{"url":"https:\/\/pubeurope.com\/@at\/117214257333157902","error":""},"_links":{"self":[{"href":"https:\/\/www.europesays.com\/at\/wp-json\/wp\/v2\/posts\/375669","targetHints":{"allow":["GET"]}}],"collection":[{"href":"https:\/\/www.europesays.com\/at\/wp-json\/wp\/v2\/posts"}],"about":[{"href":"https:\/\/www.europesays.com\/at\/wp-json\/wp\/v2\/types\/post"}],"author":[{"embeddable":true,"href":"https:\/\/www.europesays.com\/at\/wp-json\/wp\/v2\/users\/2"}],"replies":[{"embeddable":true,"href":"https:\/\/www.europesays.com\/at\/wp-json\/wp\/v2\/comments?post=375669"}],"version-history":[{"count":0,"href":"https:\/\/www.europesays.com\/at\/wp-json\/wp\/v2\/posts\/375669\/revisions"}],"wp:featuredmedia":[{"embeddable":true,"href":"https:\/\/www.europesays.com\/at\/wp-json\/wp\/v2\/media\/375670"}],"wp:attachment":[{"href":"https:\/\/www.europesays.com\/at\/wp-json\/wp\/v2\/media?parent=375669"}],"wp:term":[{"taxonomy":"category","embeddable":true,"href":"https:\/\/www.europesays.com\/at\/wp-json\/wp\/v2\/categories?post=375669"},{"taxonomy":"post_tag","embeddable":true,"href":"https:\/\/www.europesays.com\/at\/wp-json\/wp\/v2\/tags?post=375669"}],"curies":[{"name":"wp","href":"https:\/\/api.w.org\/{rel}","templated":true}]}}