{"id":375689,"date":"2026-09-04T19:00:23","date_gmt":"2026-09-04T19:00:23","guid":{"rendered":"https:\/\/www.europesays.com\/at\/375689\/"},"modified":"2026-09-04T19:00:23","modified_gmt":"2026-09-04T19:00:23","slug":"1-000-quadratmeter-verkaufsflaeche-neuer-standort-von-myaktion-am-vorum-eroeffnet","status":"publish","type":"post","link":"https:\/\/www.europesays.com\/at\/375689\/","title":{"rendered":"1.000 Quadratmeter Verkaufsfl\u00e4che: Neuer Standort von &#8222;MyAktion&#8220; am Vorum er\u00f6ffnet"},"content":{"rendered":"<p>In Voitsberg schlug die Unternehmerfamilie Leitinger am Freitag ein neues Kapitel auf. Am Vorum Voitsberg wurde der neue Standort von &#8222;MyAktion&#8220; mit rund 1.000 Quadratmeter\u00a0Verkaufsfl\u00e4che er\u00f6ffnet, inklusive eines gro\u00dfen Weihnachtsmarkts. B\u00fcrgermeister Bernd Osprian gratulierte Mario Leitinger und seiner Familie. Der Store in Rosental bleibt ab Montag vorerst ge\u00f6ffnet.<\/p>\n<p>VOITSBERG. Die letzten Wochen waren f\u00fcr die Unternehmerfamilie Leitinger ziemlich heftig, um den neuen Standort von &#8222;MyAktion&#8220; am Vorum Voitsberg zu gestalten. Auf rund 1.000 Quadratmeter Verkaufsfl\u00e4che gibt es seit Freitag ein umfangreiches Sortiment an Markenwaren, die von einer gut sortierten Werkzeugabteilung \u00fcber Kleidung bis hin zu Haushaltswaren und Knabbergeb\u00e4ck sowie Getr\u00e4nke reichen.\u00a0<\/p>\n<p><img class=\"imagecontainer\" decoding=\"auto\" data-aspect-ratio=\"0.75\" src=\"https:\/\/www.europesays.com\/at\/wp-content\/uploads\/2026\/09\/52421810_L.webp\"\/><\/p>\n<p>Gro\u00dfer Weihnachtsmarkt am Vorum<\/p>\n<p>Neu ist ein gro\u00dfer Weihnachtsmarkt in einem 300 Quadratmeter gro\u00dfen angebauten Zelt mit Waren, die es teilweise in \u00d6sterreich noch nie gegeben hat. Am Er\u00f6ffnungstag schauten B\u00fcrgermeister Bernd Osprian und Unternehmer Rudi Reicher vorbei und gratulierten zum gelungenen Umbau. Der Store in Rosental war nur wegen des Warenumzugs zwei Tage geschlossen, ab Montag ist auch dieser wieder zug\u00e4nglich. Am Vorum \u2013 MyAktion ist in unmittelbarer N\u00e4he von Fressnapf und DM \u2013 wurden die \u00d6ffnungszeiten angepasst. Montags bis freitags ist von 8.30 bis 18.30 Uhr ge\u00f6ffnet, samstags von 8.30 bis 17 Uhr.<\/p>\n<p><img class=\"imagecontainer\" decoding=\"auto\" data-aspect-ratio=\"0.75\" src=\"https:\/\/www.europesays.com\/at\/wp-content\/uploads\/2026\/09\/52421804_L.webp\"\/><\/p>\n<p>Am Er\u00f6ffnungstag gab es nicht nur zahlreiche Schn\u00e4ppchenaktionen, sondern einige Goodies wie frische Gratis-Ananas und Knabberzeug. Weitere Investitionen erfolgen hier in den n\u00e4chsten Monaten, man darf gespannt sein.<\/p>\n<p>Das k\u00f6nnte dich auch interessieren:<\/p>\n<p>Mit der Neuer\u00f6ffnung kommt ein riesiger Weihnachtsmarkt<\/p>\n<p>                                    <a href=\"https:\/\/www.meinbezirk.at\/steiermark\/c-wirtschaft\/regionale-kundenbindung-staerken-und-wettbewerbsvorteil-gewinnen_a8808459?ref=curate\" class=\"stop-click-event-propagation\" rel=\"nofollow noopener\" target=\"_blank\"><\/p>\n<p>                                                                            <img class=\"imagecontainer\" decoding=\"auto\" data-aspect-ratio=\"0.5\" src=\"https:\/\/media04.meinbezirk.at\/streaming_media\/2026\/07\/21\/9\/105219_L.webp?1784630430\" bad-src=\"data:image\/gif;base64,R0lGODlhAQABAIAAAAAAAP\/\/\/yH5BAEAAAAALAAAAAABAAEAAAIBRAA7\"\/><\/p>\n<p>                                    <\/a><\/p>\n<p>                                                                                                    0:46<\/p>\n<p>                                                                0:46<\/p>\n<p>                <a href=\"https:\/\/www.meinbezirk.at\/steiermark\/c-wirtschaft\/regionale-kundenbindung-staerken-und-wettbewerbsvorteil-gewinnen_a8808459?ref=curate\" class=\"stop-click-event-propagation\" rel=\"nofollow noopener\" target=\"_blank\"><\/p>\n<p>\n                            Jetzt teilnehmen!\n                        <\/p>\n<p>                                        Regionale Kundenbindung st\u00e4rken und Wettbewerbsvorteil gewinnen<br \/>\n                <\/a><\/p>\n<p class=\"line-clamp\" style=\"--line-clamp: 4\">\n                        Viele Unternehmen investieren viel Zeit und Geld in die Gewinnung neuer Kundinnen und Kunden. Dabei wird oft \u00fcbersehen, wie viel Potenzial bereits in der bestehenden Stammkundschaft steckt. Wer regelm\u00e4\u00dfig gekauft hat, kommt meist auch gerne wieder. Vorausgesetzt, der Kontakt bleibt bestehen. STEIERMARK. Genau hier setzt die MeinBezirk App an. Sie unterst\u00fctzt regionale Betriebe dabei, mit ihrer Kundschaft in Verbindung zu bleiben und gleichzeitig neue Interessierte aus der Umgebung zu erreichen&#8230;.\n                    <\/p>\n<p>Anzeige<\/p>\n<p>                                    <a href=\"https:\/\/www.meinbezirk.at\/voitsberg\/c-lokales\/die-finanzen-und-das-trinkwasser-im-griff_a8865545?ref=curate\" class=\"stop-click-event-propagation\" rel=\"nofollow noopener\" target=\"_blank\"><\/p>\n<p>                                                                            <img class=\"imagecontainer\" decoding=\"auto\" data-aspect-ratio=\"0.75\" src=\"https:\/\/www.europesays.com\/at\/wp-content\/uploads\/2026\/09\/52291982_L.webp\"\/><\/p>\n<p>                                    <\/a><\/p>\n<p>                                6<\/p>\n<p>                <a href=\"https:\/\/www.meinbezirk.at\/voitsberg\/c-lokales\/die-finanzen-und-das-trinkwasser-im-griff_a8865545?ref=curate\" class=\"stop-click-event-propagation\" rel=\"nofollow noopener\" target=\"_blank\"><\/p>\n<p>\n                            Kainacher B\u00fcrgermeister Bernd Gratzer\n                        <\/p>\n<p>                                        Die Finanzen und das Trinkwasser im Griff<br \/>\n                <\/a><\/p>\n<p class=\"line-clamp\" style=\"--line-clamp: 2\">\n                        Trotz des trockenen Sommers besitzt die Gemeinde Kainach ausreichende Wasserreserven. Dank eines sehr schlanken Personalkonzepts und vorausschauender Entscheidungen z\u00e4hlt Kainach zu den Gemeinden in der Steiermark mit einer hohen Liquidit\u00e4tsquote. Darauf ist B\u00fcrgermeister Bernd Gratzer sehr stolz. KAINACH. Die Gemeinde Kainach besticht durch ein sehr intaktes Dorf- und Vereinsleben, wo der Zusammenhalt gro\u00df ist. Nur einer von zahlreichen Pluspunkten dieser l\u00e4ndlichen Gemeinde. Die hei\u00dfen&#8230;\n                    <\/p>\n","protected":false},"excerpt":{"rendered":"In Voitsberg schlug die Unternehmerfamilie Leitinger am Freitag ein neues Kapitel auf. Am Vorum Voitsberg wurde der neue&hellip;\n","protected":false},"author":2,"featured_media":375690,"comment_status":"","ping_status":"","sticky":false,"template":"","format":"standard","meta":{"footnotes":"","_share_on_mastodon":"0"},"categories":[14],"tags":[46,42,95,90,89,91,94,44,93,92],"class_list":["post-375689","post","type-post","status-publish","format-standard","has-post-thumbnail","category-unternehmen-maerkte","tag-at","tag-austria","tag-business","tag-companies","tag-companies-markets","tag-markets","tag-maerkte","tag-oesterreich","tag-unternehmen","tag-unternehmen-maerkte"],"share_on_mastodon":{"url":"https:\/\/pubeurope.com\/@at\/117214316470664960","error":""},"_links":{"self":[{"href":"https:\/\/www.europesays.com\/at\/wp-json\/wp\/v2\/posts\/375689","targetHints":{"allow":["GET"]}}],"collection":[{"href":"https:\/\/www.europesays.com\/at\/wp-json\/wp\/v2\/posts"}],"about":[{"href":"https:\/\/www.europesays.com\/at\/wp-json\/wp\/v2\/types\/post"}],"author":[{"embeddable":true,"href":"https:\/\/www.europesays.com\/at\/wp-json\/wp\/v2\/users\/2"}],"replies":[{"embeddable":true,"href":"https:\/\/www.europesays.com\/at\/wp-json\/wp\/v2\/comments?post=375689"}],"version-history":[{"count":0,"href":"https:\/\/www.europesays.com\/at\/wp-json\/wp\/v2\/posts\/375689\/revisions"}],"wp:featuredmedia":[{"embeddable":true,"href":"https:\/\/www.europesays.com\/at\/wp-json\/wp\/v2\/media\/375690"}],"wp:attachment":[{"href":"https:\/\/www.europesays.com\/at\/wp-json\/wp\/v2\/media?parent=375689"}],"wp:term":[{"taxonomy":"category","embeddable":true,"href":"https:\/\/www.europesays.com\/at\/wp-json\/wp\/v2\/categories?post=375689"},{"taxonomy":"post_tag","embeddable":true,"href":"https:\/\/www.europesays.com\/at\/wp-json\/wp\/v2\/tags?post=375689"}],"curies":[{"name":"wp","href":"https:\/\/api.w.org\/{rel}","templated":true}]}}