{"id":375693,"date":"2026-09-04T19:02:16","date_gmt":"2026-09-04T19:02:16","guid":{"rendered":"https:\/\/www.europesays.com\/at\/375693\/"},"modified":"2026-09-04T19:02:16","modified_gmt":"2026-09-04T19:02:16","slug":"landkarte-schlimmster-aengste-so-will-putin-russen-beruhigen","status":"publish","type":"post","link":"https:\/\/www.europesays.com\/at\/375693\/","title":{"rendered":"&#8222;Landkarte schlimmster \u00c4ngste&#8220;: So will Putin Russen beruhigen"},"content":{"rendered":"<p>&#8222;Putin wies alle Ger\u00fcchte zur\u00fcck. Es wird weder die Beschlagnahmung von Bank-Einlagen, noch eine weitere Mobilmachung geben. Was wird also geschehen? Alles wird gut&#8220;, <a href=\"https:\/\/t.me\/s\/Pankin_Ivan\" rel=\"nofollow\">so der russische Propagandist und Radiomoderator Iwan Pankin<\/a> [externer Link] nach einer Grundsatzrede des russischen Pr\u00e4sidenten in Wladiwostok. Dort war Putin zu den Themen befragt worden, die seine Landsleute derzeit am meisten besch\u00e4ftigen. <\/p>\n<p>&#8222;Es gibt derzeit kein Szenario, das eine Mobilmachung erfordern w\u00fcrde&#8220;, <a href=\"http:\/\/kremlin.ru\/events\/president\/news\/80677\" rel=\"nofollow noopener\" target=\"_blank\">so eine der viel beachteten Antworten<\/a> [externer Link], die vom russischen Pr\u00e4sidialamt dokumentiert wurden: &#8222;Was das Milit\u00e4rpersonal angeht, haben wir bei uns keine Probleme.&#8220; <\/p>\n<p>Auf die Frage, ob es auch nur eine &#8222;minimale&#8220; Aussicht gebe, den Krieg zu beenden, sagte Putin w\u00f6rtlich: &#8222;Besteht eine Chance? Meiner Meinung nach ja.&#8220; Schlie\u00dflich sah er sich gezwungen, zu Ger\u00fcchten Stellung zu nehmen, wonach der Kreml private Bankkonten beschlagnahmen k\u00f6nnte: &#8222;Das sind schlichtweg Falschinformationen und es w\u00e4re im \u00dcbrigen ziemlich dumm.&#8220;<\/p>\n<p>&#8222;Es bedarf nicht nur der Worte&#8220;<\/p>\n<p>Die Reaktionen waren ausgesprochen widerspr\u00fcchlich. <a href=\"https:\/\/t.me\/s\/thegraschenkov\" rel=\"nofollow\">So schrieb Politologe Ilja Graschtschenkow<\/a> [externer Link]: &#8222;Es mangelt heutzutage nicht mehr haupts\u00e4chlich an Information, sondern an Vertrauen. Dazu bedarf es nicht nur Worte, sondern auch sichtbarer Zeichen der Normalisierung. Andernfalls werden beschwichtigende Reden paradoxerweise zu einer Landkarte der schlimmsten \u00c4ngste der russischen Gesellschaft.&#8220;<\/p>\n<p>\u00c4hnlich kritisch <a href=\"https:\/\/t.me\/s\/kremlebezBashennik\" rel=\"nofollow\">zeigt sich Publizist Wladislaw Inosemtsew<\/a> [externer Link]: &#8222;Niemand \u2013 nun ja, fast niemand \u2013 glaubt den Behauptungen der Beh\u00f6rden, eine Mobilisierung sei unn\u00f6tig: Die Verluste an der Front bleiben hoch, und der Mangel an Freiwilligen ist nicht nur wegen der bevorstehenden &#8218;Wahlen&#8216; ein Thema.&#8220; <\/p>\n<p>&#8222;Besser, Putin genau zu zitieren&#8220;<\/p>\n<p>Laut Inosemtsew befindet sich die Regierung allerdings noch in einer Art &#8222;Testphase&#8220; f\u00fcr eine Eskalation, eine baldige Mobilisierung sei daher unwahrscheinlich: &#8222;Das hei\u00dft nicht, dass der Kreml seine jetzige Strategie auf unbestimmte Zeit fortsetzen kann \u2013 aber im Moment scheint er auf einen solch radikalen Kurswechsel noch nicht vollst\u00e4ndig vorbereitet zu sein.&#8220;<\/p>\n<p>Journalist Dimitri Popow <a href=\"https:\/\/t.me\/s\/dmitpopov\" rel=\"nofollow\">empfahl seinen Landsleuten, auf das &#8222;Kleingedruckte&#8220; bei Putin zu achten<\/a> [externer Link], da finde sich n\u00e4mlich das Wort, &#8222;derzeit&#8220; gebe es keinen Bedarf f\u00fcr eine Mobilisierung: &#8222;Es ist besser, ihn genau zu zitieren, damit morgen keiner beleidigt ist und die Augen verdreht \u2013 nach dem Motto: &#8218;Das hat er doch versprochen.&#8216; Und denken Sie daran, dass die &#8218;turbulenten Jahrzehnte&#8216; im Gro\u00dfen und Ganzen gerade erst begonnen haben.&#8220;<\/p>\n<p>&#8222;Feind sucht nach Schwachstelle&#8220;<\/p>\n<p>Milit\u00e4rblogger Roman Aljechin (118.000 Fans) schrieb denn auch, <a href=\"https:\/\/t.me\/s\/Alekhin_Telega\" rel=\"nofollow\">Putins Aussage lasse sich &#8222;unterschiedlich interpretieren&#8220;<\/a> [externer Link]: &#8222;Die Betrachtung der aktuellen Szenarien garantiert nicht, dass im Oktober nicht weitere Szenarien hinzukommen k\u00f6nnten. Diese Szenarien erfordern unterschiedliche Ressourcen, darunter auch einen unterschiedlichen Personalbedarf.&#8220;<\/p>\n<p>Aljechins skeptisches Fazit: &#8222;Der Feind schafft bei uns selten Krisen, er sucht vielmehr nach einer Schwachstelle und weitet sie dann aus. In unserem Fall nutzen sie einfach die Tatsache aus, dass es keine klare Aussage dar\u00fcber gibt, ob die Mobilmachung kommt oder nicht.&#8220;<\/p>\n","protected":false},"excerpt":{"rendered":"&#8222;Putin wies alle Ger\u00fcchte zur\u00fcck. Es wird weder die Beschlagnahmung von Bank-Einlagen, noch eine weitere Mobilmachung geben. Was&hellip;\n","protected":false},"author":2,"featured_media":375694,"comment_status":"","ping_status":"","sticky":false,"template":"","format":"standard","meta":{"footnotes":"","_share_on_mastodon":"0"},"categories":[12],"tags":[732,4411,2741,40,41,1963,39,2746,66,2375,65,64],"class_list":["post-375693","post","type-post","status-publish","format-standard","has-post-thumbnail","category-welt","tag-ukraine","tag-kreml","tag-moskau","tag-nachrichten","tag-news","tag-russland","tag-schlagzeilen","tag-ukrainekrieg","tag-welt","tag-wladimir-putin","tag-world","tag-world-news"],"share_on_mastodon":{"url":"https:\/\/pubeurope.com\/@at\/117214324029500066","error":""},"_links":{"self":[{"href":"https:\/\/www.europesays.com\/at\/wp-json\/wp\/v2\/posts\/375693","targetHints":{"allow":["GET"]}}],"collection":[{"href":"https:\/\/www.europesays.com\/at\/wp-json\/wp\/v2\/posts"}],"about":[{"href":"https:\/\/www.europesays.com\/at\/wp-json\/wp\/v2\/types\/post"}],"author":[{"embeddable":true,"href":"https:\/\/www.europesays.com\/at\/wp-json\/wp\/v2\/users\/2"}],"replies":[{"embeddable":true,"href":"https:\/\/www.europesays.com\/at\/wp-json\/wp\/v2\/comments?post=375693"}],"version-history":[{"count":0,"href":"https:\/\/www.europesays.com\/at\/wp-json\/wp\/v2\/posts\/375693\/revisions"}],"wp:featuredmedia":[{"embeddable":true,"href":"https:\/\/www.europesays.com\/at\/wp-json\/wp\/v2\/media\/375694"}],"wp:attachment":[{"href":"https:\/\/www.europesays.com\/at\/wp-json\/wp\/v2\/media?parent=375693"}],"wp:term":[{"taxonomy":"category","embeddable":true,"href":"https:\/\/www.europesays.com\/at\/wp-json\/wp\/v2\/categories?post=375693"},{"taxonomy":"post_tag","embeddable":true,"href":"https:\/\/www.europesays.com\/at\/wp-json\/wp\/v2\/tags?post=375693"}],"curies":[{"name":"wp","href":"https:\/\/api.w.org\/{rel}","templated":true}]}}