{"id":375703,"date":"2026-09-04T19:07:14","date_gmt":"2026-09-04T19:07:14","guid":{"rendered":"https:\/\/www.europesays.com\/at\/375703\/"},"modified":"2026-09-04T19:07:14","modified_gmt":"2026-09-04T19:07:14","slug":"radheldinnen-im-linzer-franckviertel-neuer-kurs-startet","status":"publish","type":"post","link":"https:\/\/www.europesays.com\/at\/375703\/","title":{"rendered":"&#8222;Radheldinnen&#8220; im Linzer Franckviertel: Neuer Kurs startet"},"content":{"rendered":"<p>LINZ. In der Pfarre Don Bosco im Linzer Franckviertel startet am 15. September der n\u00e4chste kostenlose Fahrradkurs f\u00fcr Anf\u00e4ngerinnen. F\u00fcr die Aktion \u201eRadheldinnen\u201c werden noch Radpaten gesucht. <\/p>\n<p data-hyphen-offsets=\"37,64,67,99,125,127,163,166,168,171,184,187,190,193\">Das Projekt \u201eRadheldinnen\u201c macht Frauen Mut, das Radfahren zu erlernen und damit selbstst\u00e4ndiger mobil zu werden. An acht Terminen ab 15. September lernen die Teilnehmerinnen unter professioneller Betreuung Schritt f\u00fcr Schritt den sicheren Umgang mit dem Rad. Der Kurs richtet sich an Frauen, die im Franckviertel wohnen. <\/p>\n<p data-hyphen-offsets=\"29,35,57,59,63,87,89,125,158,161,194,198\">Den Teilnehmerinnen werden gebrauchte und fachgerecht servicierte Kursfahrr\u00e4der zur Verf\u00fcgung gestellt. Nach erfolgreichem Abschluss k\u00f6nnen sie ihr Fahrrad behalten und damit auch k\u00fcnftig selbstst\u00e4ndig unterwegs sein.<\/p>\n<p>Radpate werden <\/p>\n<p data-hyphen-offsets=\"26,28,31,36,120,124,128,161,164,166,226,228\">M\u00f6glich wird das durch Radpatenschaften: Mit einem Beitrag von 100 Euro finanzieren Unterst\u00fctzer die Aufbereitung und Bereitstellung eines Fahrrads f\u00fcr eine Teilnehmerin. F\u00fcr den kommenden Kurs im Franckviertel werden noch Radpaten gesucht. <\/p>\n<p data-hyphen-offsets=\"27,30,34,89,92,109,112,117,120,123,159,162,193,229,259,322\">Zu den Paten z\u00e4hlt auch B\u00fcrgermeister Dietmar Prammer (SP\u00d6): \u201eDas Projekt Radheldinnen er\u00f6ffnet Frauen mit Migrationshintergrund ganz konkret neue Chancen. Radfahren zu lernen bedeutet, ein gro\u00dfes St\u00fcck Selbstst\u00e4ndigkeit und Freiheit im Alltag zu gewinnen. Genau solche Initiativen st\u00e4rken den Zusammenhalt und machen unsere Stadt noch lebenswerter.\u201c<\/p>\n<p data-hyphen-offsets=\"41,69,73,78,81,98,100\">Das Projekt wird von der Stadt Linz unterst\u00fctzt und im Rahmen des Pionierstadtprojekts Linz mit Ambitio3xn koordiniert.<\/p>\n<p class=\"i_pa1\" data-hyphen-offsets=\"40,43,46\">Mehr Infos und Radpatenschaften: <a data-mce-href=\"https:\/\/www.radheldinnen.at\/\" data-mce-selected=\"inline-boundary\" rel=\"nofollow noopener\" target=\"_blank\" href=\"https:\/\/www.radheldinnen.at\/\" title=\"Radheldinnen\">www.radheldinnen.at<\/a><\/p>\n","protected":false},"excerpt":{"rendered":"LINZ. In der Pfarre Don Bosco im Linzer Franckviertel startet am 15. September der n\u00e4chste kostenlose Fahrradkurs f\u00fcr&hellip;\n","protected":false},"author":2,"featured_media":375704,"comment_status":"","ping_status":"","sticky":false,"template":"","format":"standard","meta":{"footnotes":"","_share_on_mastodon":"0"},"categories":[30],"tags":[46,42,6509,3462,12510,2489,933,184,22346,44,22776,93964,93965],"class_list":["post-375703","post","type-post","status-publish","format-standard","has-post-thumbnail","category-linz","tag-at","tag-austria","tag-franckviertel","tag-frauen","tag-integration","tag-kostenlos","tag-kurs","tag-linz","tag-migrantinnen","tag-oesterreich","tag-radfahren","tag-radheldinnen","tag-radpate"],"share_on_mastodon":{"url":"https:\/\/pubeurope.com\/@at\/117214343895352149","error":""},"_links":{"self":[{"href":"https:\/\/www.europesays.com\/at\/wp-json\/wp\/v2\/posts\/375703","targetHints":{"allow":["GET"]}}],"collection":[{"href":"https:\/\/www.europesays.com\/at\/wp-json\/wp\/v2\/posts"}],"about":[{"href":"https:\/\/www.europesays.com\/at\/wp-json\/wp\/v2\/types\/post"}],"author":[{"embeddable":true,"href":"https:\/\/www.europesays.com\/at\/wp-json\/wp\/v2\/users\/2"}],"replies":[{"embeddable":true,"href":"https:\/\/www.europesays.com\/at\/wp-json\/wp\/v2\/comments?post=375703"}],"version-history":[{"count":0,"href":"https:\/\/www.europesays.com\/at\/wp-json\/wp\/v2\/posts\/375703\/revisions"}],"wp:featuredmedia":[{"embeddable":true,"href":"https:\/\/www.europesays.com\/at\/wp-json\/wp\/v2\/media\/375704"}],"wp:attachment":[{"href":"https:\/\/www.europesays.com\/at\/wp-json\/wp\/v2\/media?parent=375703"}],"wp:term":[{"taxonomy":"category","embeddable":true,"href":"https:\/\/www.europesays.com\/at\/wp-json\/wp\/v2\/categories?post=375703"},{"taxonomy":"post_tag","embeddable":true,"href":"https:\/\/www.europesays.com\/at\/wp-json\/wp\/v2\/tags?post=375703"}],"curies":[{"name":"wp","href":"https:\/\/api.w.org\/{rel}","templated":true}]}}