{"id":375709,"date":"2026-09-04T19:12:11","date_gmt":"2026-09-04T19:12:11","guid":{"rendered":"https:\/\/www.europesays.com\/at\/375709\/"},"modified":"2026-09-04T19:12:11","modified_gmt":"2026-09-04T19:12:11","slug":"soko-leipzig-staffel-nach-marco-girnth-startet-mit-gestaendnis-im-revier","status":"publish","type":"post","link":"https:\/\/www.europesays.com\/at\/375709\/","title":{"rendered":"&#8222;SOKO Leipzig&#8220;: Staffel nach Marco Girnth startet mit Gest\u00e4ndnis im Revier"},"content":{"rendered":"<p>Neuer Ermittler vor erstem Einsatz <\/p>\n<p>&#8222;SOKO Leipzig&#8220; startet mit Mordgest\u00e4ndnis im Kommissariat<\/p>\n<p>04.09.2026 &#8211; 19:20 UhrLesedauer: 2 Min.<\/p>\n<p><a href=\"#focus-0\" class=\"transition-colors block text-current relative\" data-sctrack=\"FocusGalleryImage.Reference\"><img fetchpriority=\"high\" data-testid=\"Opener.Image\"   loading=\"eager\" src=\"https:\/\/www.europesays.com\/at\/wp-content\/uploads\/2026\/09\/das-team-am-set-in-leipzig.jpg\" alt=\"Simon B\u00f6er wird neuer Kommissar bei \u201eSOKO Leipzig\u201c\" title=\"Simon B\u00f6er wird neuer Kommissar bei \u201eSOKO Leipzig\u201c\" width=\"2048\" height=\"1152\" class=\"bg-[url:var(--lqipURL)] bg-cover bg-center flex h-full w-full max-w-full\" style=\"--lqipURL:url('https:\/\/images.t-online.de\/2026\/07\/Opf-aAQMRyVy\/0x141:2048x1152\/fit-in\/150x0\/filters:blur(25)\/das-team-am-set-in-leipzig.jpg')\" decoding=\"async\"\/><img loading=\"lazy\" src=\"https:\/\/leipzig.t-online.de\/s\/paper\/_next\/static\/media\/zoom-in.f7dae02f.svg\" alt=\"Vergr\u00f6\u00dfern des Bildes\" title=\"Vergr\u00f6\u00dfern des Bildes\" class=\"block h-[calc(var(--height)_\/_16_*_1rem)] w-[calc(var(--width)_\/_16_*_1rem)] max-w-none absolute right-8 bottom-8 rounded-4 bg-snow p-8\" style=\"--width:32;--height:32\" decoding=\"async\"\/><\/a><\/p>\n<p>Simon B\u00f6er (links) als Dirk Trebbe mit dem &#8222;SOKO Leipzig&#8220;-Team: Sein erster Arbeitstag beginnt mit einem ungew\u00f6hnlichen Mordgest\u00e4ndnis. (Quelle: Hendrik Schmidt\/dpa\/dpa-bilder)<\/p>\n<p><img loading=\"lazy\" src=\"https:\/\/leipzig.t-online.de\/s\/paper\/_next\/static\/media\/audio-volume.6689034c.svg\" alt=\"\" title=\"\" class=\"block h-[calc(var(--height)_\/_16_*_1rem)] w-[calc(var(--width)_\/_16_*_1rem)] max-w-none group-hover:brightness-0 group-hover:invert\" style=\"--width:16;--height:16\" decoding=\"async\"\/>Vorlesen<\/p>\n<p>Aktuelle Zeit:0:00Gesamtdauer:0:00<\/p>\n<p>1x<img loading=\"lazy\" src=\"https:\/\/leipzig.t-online.de\/s\/paper\/_next\/static\/media\/font-sizes.32942e33.svg\" alt=\"\" title=\"\" class=\"block h-[calc(var(--height)_\/_16_*_1rem)] w-[calc(var(--width)_\/_16_*_1rem)] max-w-none group-hover:hidden group-aria-expanded:hidden\" style=\"--width:16;--height:16\" decoding=\"async\"\/><img loading=\"lazy\" src=\"https:\/\/leipzig.t-online.de\/s\/paper\/_next\/static\/media\/font-sizes-dark-mode.e382645c.svg\" alt=\"\" title=\"\" class=\"block h-[calc(var(--height)_\/_16_*_1rem)] w-[calc(var(--width)_\/_16_*_1rem)] max-w-none hidden group-hover:block group-aria-expanded:block\" style=\"--width:16;--height:16\" decoding=\"async\"\/><img loading=\"lazy\" src=\"https:\/\/leipzig.t-online.de\/s\/paper\/_next\/static\/media\/sharing-menu-icon.1eb71368.svg\" alt=\"\" title=\"\" class=\"block h-[calc(var(--height)_\/_16_*_1rem)] w-[calc(var(--width)_\/_16_*_1rem)] max-w-none group-hover:brightness-0 group-hover:invert\" style=\"--width:16;--height:16\" decoding=\"async\"\/>Artikel teilen<\/p>\n<p class=\"font-bold text-18 leading-17 user-text-lg:text-22 user-text-xl:text-24\">Simon B\u00f6er \u00fcbernimmt im Oktober bei &#8222;SOKO Leipzig&#8220;. Schon sein erster Arbeitstag ger\u00e4t au\u00dfer Kontrolle \u2013 eine Polizistin gesteht einen l\u00e4ngst gekl\u00e4rten Mord.<\/p>\n<p class=\"text-18 leading-17 user-text-lg:text-22 user-text-xl:text-24\">Nach dem Serientod von Marco Girnths Figur bekommt die &#8222;SOKO Leipzig&#8220; einen neuen Kommissar. <a href=\"https:\/\/leipzig.t-online.de\/region\/leipzig\/id_101414998\/-soko-leipzig-27-staffel-von-zdf-krimiserie-startet-mit-neuem-kommissar.html\" class=\"transition-colors cursor-pointer no-underline md:hover:text-magenta md:focus:text-magenta border-b border-solid border-current text-salemsfur md:hover:border-magenta\" data-tracking=\"{&quot;action&quot;:&quot;click&quot;,&quot;category&quot;:&quot;intextLink&quot;,&quot;label&quot;:&quot;\/region\/leipzig\/id_101414998\/-soko-leipzig-27-staffel-von-zdf-krimiserie-startet-mit-neuem-kommissar.html&quot;}\" data-sctrack=\"BodyAnchor\" rel=\"nofollow noopener\" target=\"_blank\">Simon B\u00f6er \u00fcbernimmt als Hauptkommissar Dirk Trebbe<\/a> \u2013 und inzwischen ist klar, wie ungew\u00f6hnlich sein erster Arbeitstag ausf\u00e4llt.<\/p>\n<p class=\"text-18 leading-17 user-text-lg:text-22 user-text-xl:text-24\">Die 27. Staffel startet am Freitag, 2. Oktober, um 21.15 Uhr im ZDF. Im Streamingportal des Senders steht die Auftaktfolge &#8222;Das Auge&#8220; bereits eine Woche fr\u00fcher zur Verf\u00fcgung.<\/p>\n<p>Zwei TV-Kommissare, eine Liebe: <a href=\"https:\/\/leipzig.t-online.de\/region\/leipzig\/id_101364766\/-soko-leipzig-amy-mussul-liebt-ex-tatort-kommissar.html\" class=\"transition-colors cursor-pointer no-underline md:hover:text-magenta md:focus:text-magenta border-b border-solid border-current text-salemsfur md:hover:border-magenta\" data-tracking=\"{&quot;action&quot;:&quot;click&quot;,&quot;category&quot;:&quot;intextLink&quot;,&quot;label&quot;:&quot;\/region\/leipzig\/id_101364766\/-soko-leipzig-amy-mussul-liebt-ex-tatort-kommissar.html&quot;}\" data-sctrack=\"BodyAnchor\" rel=\"nofollow noopener\" target=\"_blank\">Rick Okon liebt diese &#8222;Soko Leipzig&#8220;-Schauspielerin<\/a><\/p>\n<p>Polizistin gesteht pl\u00f6tzlich einen Mord<\/p>\n<p class=\"text-18 leading-17 user-text-lg:text-22 user-text-xl:text-24\">Trebbe bekommt bei seinem Einstand keine Gelegenheit, sich langsam an das Leipziger Team zu gew\u00f6hnen. Eine Polizistin namens Jana Zschocke erscheint im Kommissariat, legt ihre Waffe auf den Tisch und erkl\u00e4rt, sie habe einen Mann get\u00f6tet.<\/p>\n<p class=\"text-18 leading-17 user-text-lg:text-22 user-text-xl:text-24\">Das Problem: F\u00fcr den Mord am Chef einer kriminellen Rockerbande wurde bereits ein T\u00e4ter ermittelt. Dieser befindet sich inzwischen sogar im Zeugenschutzprogramm. Die Ermittler m\u00fcssen herausfinden, wer von beiden die Wahrheit sagt.<\/p>\n<p class=\"text-18 leading-17 user-text-lg:text-22 user-text-xl:text-24\">Dann versch\u00e4rft sich die Lage weiter. Erst sp\u00e4t bemerkt das Team, dass Zschocke nicht einfach nur eine Aussage machen wollte. Die UFA beschreibt sie als ungebetenen Gast, der sich Zugang zum Kommissariat verschafft hat und bereits ein konkretes Ziel im Visier hat.<\/p>\n<p>SOKO Leipzig: Simon B\u00f6er ersetzt Marco Girnth<\/p>\n<p class=\"text-18 leading-17 user-text-lg:text-22 user-text-xl:text-24\">F\u00fcr Dirk Trebbe ist es der erste Fall als neues Mitglied der Leipziger Ermittlergruppe. Schauspieler Simon B\u00f6er \u00fcbernimmt damit den freien Platz nach dem Ausscheiden von Marco Girnth, der rund 25 Jahre lang Jan Maybach gespielt hatte.<\/p>\n<p class=\"text-18 leading-17 user-text-lg:text-22 user-text-xl:text-24\">Weiter dabei sind Melanie Marschke als Ina Zimmermann, Amy Mu\u00dful als Kim Nowak und Johannes Hendrik Langer als Moritz Brenner. Auch Daniel Steiner, Michael Rotschopf, Carlotta B\u00e4hre und Caroline Scholze geh\u00f6ren zur neuen Staffel.<\/p>\n","protected":false},"excerpt":{"rendered":"Neuer Ermittler vor erstem Einsatz &#8222;SOKO Leipzig&#8220; startet mit Mordgest\u00e4ndnis im Kommissariat 04.09.2026 &#8211; 19:20 UhrLesedauer: 2 Min.&hellip;\n","protected":false},"author":2,"featured_media":375710,"comment_status":"","ping_status":"","sticky":false,"template":"","format":"standard","meta":{"footnotes":"","_share_on_mastodon":"0"},"categories":[25],"tags":[737,93974,46,42,68823,147,93975,93973,1029,68827,1990,93972,44,52006,156,155,68822,3968,148,579],"class_list":["post-375709","post","type-post","status-publish","format-standard","has-post-thumbnail","category-serien","tag-737","tag-arbeitstag","tag-at","tag-austria","tag-dirk-trebbe","tag-entertainment","tag-jana-zschocke","tag-kommissariat","tag-leipzig","tag-marco-girnth","tag-mord","tag-mordgestaendnis","tag-oesterreich","tag-rick-okon","tag-serien","tag-series","tag-simon-boeer","tag-t-online","tag-unterhaltung","tag-zdf"],"share_on_mastodon":{"url":"https:\/\/pubeurope.com\/@at\/117214364109794587","error":""},"_links":{"self":[{"href":"https:\/\/www.europesays.com\/at\/wp-json\/wp\/v2\/posts\/375709","targetHints":{"allow":["GET"]}}],"collection":[{"href":"https:\/\/www.europesays.com\/at\/wp-json\/wp\/v2\/posts"}],"about":[{"href":"https:\/\/www.europesays.com\/at\/wp-json\/wp\/v2\/types\/post"}],"author":[{"embeddable":true,"href":"https:\/\/www.europesays.com\/at\/wp-json\/wp\/v2\/users\/2"}],"replies":[{"embeddable":true,"href":"https:\/\/www.europesays.com\/at\/wp-json\/wp\/v2\/comments?post=375709"}],"version-history":[{"count":0,"href":"https:\/\/www.europesays.com\/at\/wp-json\/wp\/v2\/posts\/375709\/revisions"}],"wp:featuredmedia":[{"embeddable":true,"href":"https:\/\/www.europesays.com\/at\/wp-json\/wp\/v2\/media\/375710"}],"wp:attachment":[{"href":"https:\/\/www.europesays.com\/at\/wp-json\/wp\/v2\/media?parent=375709"}],"wp:term":[{"taxonomy":"category","embeddable":true,"href":"https:\/\/www.europesays.com\/at\/wp-json\/wp\/v2\/categories?post=375709"},{"taxonomy":"post_tag","embeddable":true,"href":"https:\/\/www.europesays.com\/at\/wp-json\/wp\/v2\/tags?post=375709"}],"curies":[{"name":"wp","href":"https:\/\/api.w.org\/{rel}","templated":true}]}}