{"id":375713,"date":"2026-09-04T19:15:11","date_gmt":"2026-09-04T19:15:11","guid":{"rendered":"https:\/\/www.europesays.com\/at\/375713\/"},"modified":"2026-09-04T19:15:11","modified_gmt":"2026-09-04T19:15:11","slug":"sydney-sweeney-und-scooter-braun-zeigen-sich-verliebt-in-venedig","status":"publish","type":"post","link":"https:\/\/www.europesays.com\/at\/375713\/","title":{"rendered":"Sydney Sweeney und Scooter Braun zeigen sich verliebt in Venedig"},"content":{"rendered":"<p class=\"content__description\" data-speakable=\"\">Sydney Sweeney und Scooter Braun genie\u00dfen romantische Tage in Venedig. Bei einer Gondelfahrt durch die Lagunenstadt wurden die beiden beim K\u00fcssen und Kuscheln gesichtet. Der Ort hat f\u00fcr beide eine besondere Bedeutung.<\/p>\n<p data-speakable=\"\"><a data-component-name=\"link.semantic\" data-brain-zone=\".42687914.content.textlink_2\" data-component-path=\"content.textlink_2\" href=\"https:\/\/www.gmx.at\/magazine\/unterhaltung\/thema\/sydney-sweeney\" rel=\"nofollow noopener\" target=\"_blank\">Sydney Sweeney<\/a> (28) und Scooter Braun (45) genie\u00dfen romantische Tage in <a data-component-name=\"link.semantic\" data-brain-zone=\".42687914.content.textlink_3\" data-component-path=\"content.textlink_3\" href=\"https:\/\/www.gmx.at\/magazine\/reise\/thema\/venedig\" rel=\"nofollow noopener\" target=\"_blank\">Venedig<\/a>. Am Donnerstag wurden die beiden bei einer Gondelfahrt durch die italienische Lagunenstadt fotografiert. Dabei tauschten sie verliebte Blicke und K\u00fcsse aus und schienen die Zweisamkeit sichtlich zu genie\u00dfen.<\/p>\n<p data-speakable=\"\">Anschlie\u00dfend schlenderten Sweeney und Braun Hand in Hand durch Venedig. Die Schauspielerin trug ein wei\u00dfes Kleid, einen gelben Pullover l\u00e4ssig \u00fcber die Schultern gelegt und eine schwarze Sonnenbrille. Braun zeigte sich in einem wei\u00dfen Hemd, dunkelblauen Shorts und einer r\u00fcckw\u00e4rts getragenen Baseballkappe.<\/p>\n<p>Ihre Liebesgeschichte begann in Venedig<\/p>\n<p data-speakable=\"\">Mit Venedig verbindet das Paar eine gemeinsame Geschichte: Sweeney und Braun lernten sich dort bereits 2025 bei der Hochzeit von Amazon-Gr\u00fcnder Jeff Bezos (62) und Lauren S\u00e1nchez (56) kennen. <a target=\"_blank\" data-brain-zone=\".42687914.content.textlink_4\" data-component-path=\"content.textlink_4\" data-component-name=\"link.external\" rel=\"noopener nofollow\" href=\"https:\/\/pagesix.com\/2026\/09\/03\/celebrity-news\/sydney-sweeney-scooter-braun-kiss-on-gondola-ride-in-venice-italy\/\">Laut &#8222;Page Six&#8220;<\/a> soll Braun kurz darauf Interesse an der Schauspielerin entwickelt und um sie geworben haben.<\/p>\n<p data-speakable=\"\">Seit Herbst 2025 sollen die beiden ein Paar sein. Im April 2026 machten sie ihre Beziehung schlie\u00dflich \u00f6ffentlich. <\/p>\n<p>Beziehung wird offenbar ernster<\/p>\n<p data-speakable=\"\">Zuletzt schien die Beziehung der beiden noch ernster geworden zu sein: Sweeney wurde gemeinsam mit Brauns Kindern aus dessen fr\u00fcherer Ehe mit Yael Cohen (39) gesehen. Braun und Cohen heirateten 2014, trennten sich 2021 und wurden 2022 rechtskr\u00e4ftig geschieden. Gemeinsam haben sie drei Kinder.&#8220;<\/p>\n<p data-speakable=\"\">Sweeney wiederum hatte sich Anfang 2025 von ihrem damaligen Verlobten Jonathan Davino getrennt. Die beiden waren mehrere Jahre zusammen und hatten sich 2022 verlobt.<\/p>\n<p>Empfehlungen der Redaktion<\/p>\n<p>Gemeinsam beim Filmfestival<\/p>\n<p data-speakable=\"\">Sweeney h\u00e4lt sich derzeit anl\u00e4sslich der 83. Internationalen Filmfestspiele von Venedig in der Lagunenstadt auf. Als Botschafterin von Armani Beauty pr\u00e4sentierte sie sich dort bereits in mehreren auff\u00e4lligen Vintage-Looks. Am Donnerstagabend besuchte sie zudem ein Dinner der Marke &#8211; an ihrer Seite war erneut Braun. (ncz\/spot)\u00a0<br \/>\n\u00a9 spot on news<\/p>\n","protected":false},"excerpt":{"rendered":"Sydney Sweeney und Scooter Braun genie\u00dfen romantische Tage in Venedig. Bei einer Gondelfahrt durch die Lagunenstadt wurden die&hellip;\n","protected":false},"author":2,"featured_media":375714,"comment_status":"","ping_status":"","sticky":false,"template":"","format":"standard","meta":{"footnotes":"","_share_on_mastodon":"0"},"categories":[22],"tags":[46,42,147,93977,93978,44,93976,28940,148,8421],"class_list":["post-375713","post","type-post","status-publish","format-standard","has-post-thumbnail","category-unterhaltung","tag-at","tag-austria","tag-entertainment","tag-gondelfahrt","tag-lagunenstadt","tag-oesterreich","tag-scooter-braun","tag-sydney-sweeney","tag-unterhaltung","tag-venedig"],"share_on_mastodon":{"url":"https:\/\/pubeurope.com\/@at\/117214374944838393","error":""},"_links":{"self":[{"href":"https:\/\/www.europesays.com\/at\/wp-json\/wp\/v2\/posts\/375713","targetHints":{"allow":["GET"]}}],"collection":[{"href":"https:\/\/www.europesays.com\/at\/wp-json\/wp\/v2\/posts"}],"about":[{"href":"https:\/\/www.europesays.com\/at\/wp-json\/wp\/v2\/types\/post"}],"author":[{"embeddable":true,"href":"https:\/\/www.europesays.com\/at\/wp-json\/wp\/v2\/users\/2"}],"replies":[{"embeddable":true,"href":"https:\/\/www.europesays.com\/at\/wp-json\/wp\/v2\/comments?post=375713"}],"version-history":[{"count":0,"href":"https:\/\/www.europesays.com\/at\/wp-json\/wp\/v2\/posts\/375713\/revisions"}],"wp:featuredmedia":[{"embeddable":true,"href":"https:\/\/www.europesays.com\/at\/wp-json\/wp\/v2\/media\/375714"}],"wp:attachment":[{"href":"https:\/\/www.europesays.com\/at\/wp-json\/wp\/v2\/media?parent=375713"}],"wp:term":[{"taxonomy":"category","embeddable":true,"href":"https:\/\/www.europesays.com\/at\/wp-json\/wp\/v2\/categories?post=375713"},{"taxonomy":"post_tag","embeddable":true,"href":"https:\/\/www.europesays.com\/at\/wp-json\/wp\/v2\/tags?post=375713"}],"curies":[{"name":"wp","href":"https:\/\/api.w.org\/{rel}","templated":true}]}}