{"id":375797,"date":"2026-09-04T20:05:28","date_gmt":"2026-09-04T20:05:28","guid":{"rendered":"https:\/\/www.europesays.com\/at\/375797\/"},"modified":"2026-09-04T20:05:28","modified_gmt":"2026-09-04T20:05:28","slug":"getoetete-frau-in-graz-polizei-gibt-keine-details-preis","status":"publish","type":"post","link":"https:\/\/www.europesays.com\/at\/375797\/","title":{"rendered":"Get\u00f6tete Frau in Graz: Polizei gibt keine Details preis"},"content":{"rendered":"<p>Ermittler des Landeskriminalamts Steiermark hatten noch vor Ort die weiteren Erhebungen zur Kl\u00e4rung des T\u00f6tungsdelikts \u00fcbernommen. Spezialisten sicherten am Tatort Spuren, um den genauen Ablauf des Geschehens rekonstruieren zu k\u00f6nnen. Nach derzeitigem Ermittlungsstand d\u00fcrfte das 24-j\u00e4hrige Opfer alleine in der Wohnung gewesen sein, als der Verd\u00e4chtige offenbar gewaltsam hineingelangte. Sein Bruder, der mit der Frau in der Wohnung gelebt hat, war offenbar nicht zu Hause.<\/p>\n","protected":false},"excerpt":{"rendered":"Ermittler des Landeskriminalamts Steiermark hatten noch vor Ort die weiteren Erhebungen zur Kl\u00e4rung des T\u00f6tungsdelikts \u00fcbernommen. Spezialisten sicherten&hellip;\n","protected":false},"author":2,"featured_media":375798,"comment_status":"","ping_status":"","sticky":false,"template":"","format":"standard","meta":{"footnotes":"","_share_on_mastodon":"0"},"categories":[29],"tags":[46,42,899,889,183,44,116,199],"class_list":["post-375797","post","type-post","status-publish","format-standard","has-post-thumbnail","category-graz","tag-at","tag-austria","tag-ermittlung","tag-festnahme","tag-graz","tag-oesterreich","tag-steiermark","tag-toetung"],"share_on_mastodon":{"url":"https:\/\/pubeurope.com\/@at\/117214571767413039","error":""},"_links":{"self":[{"href":"https:\/\/www.europesays.com\/at\/wp-json\/wp\/v2\/posts\/375797","targetHints":{"allow":["GET"]}}],"collection":[{"href":"https:\/\/www.europesays.com\/at\/wp-json\/wp\/v2\/posts"}],"about":[{"href":"https:\/\/www.europesays.com\/at\/wp-json\/wp\/v2\/types\/post"}],"author":[{"embeddable":true,"href":"https:\/\/www.europesays.com\/at\/wp-json\/wp\/v2\/users\/2"}],"replies":[{"embeddable":true,"href":"https:\/\/www.europesays.com\/at\/wp-json\/wp\/v2\/comments?post=375797"}],"version-history":[{"count":0,"href":"https:\/\/www.europesays.com\/at\/wp-json\/wp\/v2\/posts\/375797\/revisions"}],"wp:featuredmedia":[{"embeddable":true,"href":"https:\/\/www.europesays.com\/at\/wp-json\/wp\/v2\/media\/375798"}],"wp:attachment":[{"href":"https:\/\/www.europesays.com\/at\/wp-json\/wp\/v2\/media?parent=375797"}],"wp:term":[{"taxonomy":"category","embeddable":true,"href":"https:\/\/www.europesays.com\/at\/wp-json\/wp\/v2\/categories?post=375797"},{"taxonomy":"post_tag","embeddable":true,"href":"https:\/\/www.europesays.com\/at\/wp-json\/wp\/v2\/tags?post=375797"}],"curies":[{"name":"wp","href":"https:\/\/api.w.org\/{rel}","templated":true}]}}