{"id":375879,"date":"2026-09-04T20:59:14","date_gmt":"2026-09-04T20:59:14","guid":{"rendered":"https:\/\/www.europesays.com\/at\/375879\/"},"modified":"2026-09-04T20:59:14","modified_gmt":"2026-09-04T20:59:14","slug":"sv-ried-erfuellt-pflichtaufgabe-im-oefb-cup-derby-gegen-spg-sv-wallern-st-marienkirchen","status":"publish","type":"post","link":"https:\/\/www.europesays.com\/at\/375879\/","title":{"rendered":"SV Ried erf\u00fcllt Pflichtaufgabe im \u00d6FB-Cup-Derby gegen SPG SV Wallern\/St. Marienkirchen"},"content":{"rendered":"<p>\t\t\t\t\t\t\t\t\t\t\t\t\t\t\t <img decoding=\"async\" src=\"https:\/\/www.europesays.com\/at\/wp-content\/uploads\/2026\/09\/1788555552_292_team-73-large.png\" alt=\"\"\/> <\/p>\n<p>\t\t\t\t\t\t\t\t\t\t\t\t\t\t\t <img decoding=\"async\" src=\"https:\/\/www.europesays.com\/at\/wp-content\/uploads\/2026\/09\/1788555553_711_sv-ried.jpg\" alt=\"\"\/> <\/p>\n<p>Die zweite Runde im <a href=\"https:\/\/ticker.ligaportal.at\/spielplan\/179\/oefb-cup\" rel=\"nofollow noopener\" target=\"_blank\">\u00d6FB-Cup<\/a> bescherte Bundesligist <a href=\"https:\/\/ticker.ligaportal.at\/mannschaft\/1723\/sv-ried\" rel=\"nofollow noopener\" target=\"_blank\">SV Oberbank Ried<\/a> ein Derby bei der\u00a0<a href=\"https:\/\/ticker.ligaportal.at\/mannschaft\/73\/sv-wallern\" rel=\"nofollow noopener\" target=\"_blank\">SPG SV Zaunergroup Wallern\/St. Marienkirchen<\/a>. Der amtierende Tabellenf\u00fchrer der Regionalliga Nord strotzte vor Selbstvertrauen,\u00a0doch die Wikinger wurden ihrer Favoritenrolle am Ende gerecht und siegten mit 5:1 (4:0). Die Despotovic-Elf steht damit in der dritten Cup-Runde.\u00a0<\/p>\n<p><img decoding=\"async\" src=\"https:\/\/www.europesays.com\/at\/wp-content\/uploads\/2026\/09\/jubel-sv-ried-in-wallern-04-09-2026-schroeckelsberger.jpg\" alt=\"jubel sv ried in wallern 04 09 2026 schroeckelsberger\"\/><\/p>\n<p>Jubel bei den Wikingern: Der Innviertler Bundesligist zieht souver\u00e4n in die dritte Cup-Runde ein<\/p>\n<p>&#8222;Zaunerboys&#8220; halten lange dagegen \u2013 Ried schie\u00dft sich in Torrausch<\/p>\n<p>Viele Spieler und Funktion\u00e4re des Drittligisten haben eine Vergangenheit bei der SV Ried \u2013 umso brisanter war dieses Duell am Kunstrasen in Wallern vor 1.500 Besuchern. Und die Baumgartner-Elf versteckte sich zu Beginn keineswegs, ganz im Gegenteil: Wallern kam durch\u00a0Leodolter zur ersten brandgef\u00e4hrlichen Chance, der aber an Leitner scheiterte (10.).<\/p>\n<p>In der Folge \u00fcbernahm der Bundesligist das Kommando und bestrafte die gegnerische Defensive eiskalt. Nach starker Vorarbeit von Rasner und Bajic erzielte Aisowieren in der 16. Minute die verdiente F\u00fchrung. Wallern-Kapit\u00e4n Huspek verpasste kurz darauf nur knapp den Ausgleich (21.), ehe die Schwarz-Gr\u00fcnen die Partie endg\u00fcltig an sich rissen.<\/p>\n<p>Ein Doppelschlag durch ein ungl\u00fcckliches Kopfball-Eigentor von Straif (33.) sowie einen sehenswerten Volleyabschluss von Rasner (35.) stellte die Weichen auf Sieg. Kurz vor dem Pausenpfiff schraubte Pomer das Ergebnis mit einem pr\u00e4zisen Schuss in den Winkel auf den 4:0-Halbzeitstand hoch. Der Drittligist hielt zwar leidenschaftlich dagegen, musste sich der enormen Effizienz der Rieder vor dem Seitenwechsel jedoch klar beugen.<\/p>\n<p><img decoding=\"async\" src=\"https:\/\/www.europesays.com\/at\/wp-content\/uploads\/2026\/09\/steurer-oliver-sv-ried-in-wallern-04-09-2026-schroeckelsberger.jpg\" alt=\"steurer oliver sv ried in wallern 04 09 2026 schroeckelsberger\"\/><\/p>\n<p>Umk\u00e4mpfte Anfangsphase zwischen Wallerns Angreifer Affenzeller (l.) und Ried-Abwehrmann Steurer<\/p>\n<p>Misic mit Ehrentreffer f\u00fcr Regionalligisten<\/p>\n<p>In der zweiten H\u00e4lfte zeigten die Hausherren Moral und suchten den Ehrentreffer. Wild und Affenzeller sorgten immer wieder f\u00fcr gef\u00e4hrliche Momente, doch oftmals blieb die Baumgartner-Elf zu ungenau. Schwab nutzte einen Abspielfehler und traf ins leere Tor (57.). Misic gelang per Volleyabschluss in der 78. Minute noch der Ehrentreffer f\u00fcr die Gastgeber. Das Lokalduell im Cup endete damit mit einem verdienten 5:1-Erfolg f\u00fcr den Bundesligisten aus dem Innviertel, der sich damit souver\u00e4n f\u00fcr die n\u00e4chste Runde des \u00d6FB-Cups qualifiziert.<\/p>\n<p><a href=\"https:\/\/ticker.ligaportal.at\/live-ticker\/1305815\/sv-wallern-gegen-sv-ried\" rel=\"nofollow noopener\" target=\"_blank\">SPIELFILM und AUFSTELLUNGEN im Ligaportal-LIVETICKER<\/a><\/p>\n<p>Fotocredit: Reinhard Schr\u00f6ckelsberger<\/p>\n","protected":false},"excerpt":{"rendered":"Die zweite Runde im \u00d6FB-Cup bescherte Bundesligist SV Oberbank Ried ein Derby bei der\u00a0SPG SV Zaunergroup Wallern\/St. Marienkirchen.&hellip;\n","protected":false},"author":2,"featured_media":375880,"comment_status":"","ping_status":"","sticky":false,"template":"","format":"standard","meta":{"footnotes":"","_share_on_mastodon":"0"},"categories":[8],"tags":[40,41,5719,39,94006,4334,38,94007],"class_list":["post-375879","post","type-post","status-publish","format-standard","has-post-thumbnail","category-nachrichten","tag-nachrichten","tag-news","tag-oefb-cup","tag-schlagzeilen","tag-spg-wallern","tag-sv-ried","tag-top-meldungen","tag-torrausch"],"share_on_mastodon":{"url":"https:\/\/pubeurope.com\/@at\/117214784541744596","error":""},"_links":{"self":[{"href":"https:\/\/www.europesays.com\/at\/wp-json\/wp\/v2\/posts\/375879","targetHints":{"allow":["GET"]}}],"collection":[{"href":"https:\/\/www.europesays.com\/at\/wp-json\/wp\/v2\/posts"}],"about":[{"href":"https:\/\/www.europesays.com\/at\/wp-json\/wp\/v2\/types\/post"}],"author":[{"embeddable":true,"href":"https:\/\/www.europesays.com\/at\/wp-json\/wp\/v2\/users\/2"}],"replies":[{"embeddable":true,"href":"https:\/\/www.europesays.com\/at\/wp-json\/wp\/v2\/comments?post=375879"}],"version-history":[{"count":0,"href":"https:\/\/www.europesays.com\/at\/wp-json\/wp\/v2\/posts\/375879\/revisions"}],"wp:featuredmedia":[{"embeddable":true,"href":"https:\/\/www.europesays.com\/at\/wp-json\/wp\/v2\/media\/375880"}],"wp:attachment":[{"href":"https:\/\/www.europesays.com\/at\/wp-json\/wp\/v2\/media?parent=375879"}],"wp:term":[{"taxonomy":"category","embeddable":true,"href":"https:\/\/www.europesays.com\/at\/wp-json\/wp\/v2\/categories?post=375879"},{"taxonomy":"post_tag","embeddable":true,"href":"https:\/\/www.europesays.com\/at\/wp-json\/wp\/v2\/tags?post=375879"}],"curies":[{"name":"wp","href":"https:\/\/api.w.org\/{rel}","templated":true}]}}