{"id":375889,"date":"2026-09-04T21:08:11","date_gmt":"2026-09-04T21:08:11","guid":{"rendered":"https:\/\/www.europesays.com\/at\/375889\/"},"modified":"2026-09-04T21:08:11","modified_gmt":"2026-09-04T21:08:11","slug":"residency-trend-kein-tourstress-fuer-stars-wie-celine-dion-news-2","status":"publish","type":"post","link":"https:\/\/www.europesays.com\/at\/375889\/","title":{"rendered":"Residency-Trend: Kein Tourstress f\u00fcr Stars wie C\u00e9line Dion &#8211; News"},"content":{"rendered":"<p class=\"article-lead\" data-news-landmark=\"article-lead\">Das B\u00fchnencomeback von C\u00e9line Dion folgt einem Trend, bei dem die Fans zu Musikerinnen und Musikern reisen und nicht umgekehrt.<\/p>\n<p>  Jetzt h\u00f6ren<\/p>\n<p>            Jetzt h\u00f6ren<\/p>\n<p class=\"article-paragraph\">Ihr letzter Auftritt ist schon \u00fcber zwei Jahre her. An der Er\u00f6ffnungsfeier der Olympischen Spiele in Paris im Juli 2024 sang C\u00e9line Dion \u00abL&#8217;Hymne \u00e0 l&#8217;amour\u00bb von Edith Piaf. Ihr letztes regul\u00e4res Konzert gab Dion am 8. M\u00e4rz 2020 in den USA. Wegen der Covid-19-Pandemie und ihrer Erkrankung am Stiff-Person-Syndrom  wurde die Welttournee dann abgesagt.<\/p>\n<p class=\"article-paragraph\">Nun also tritt die kanadische S\u00e4ngerin am Samstag, 12. September, zum ersten Mal nach \u00fcber sechs Jahren wieder vor grossem Publikum auf. Insgesamt 26 Konzerten singt die 58-J\u00e4hrige \u2013 immer am gleichen Ort in Paris. <\/p>\n<p>                                                        Ein Ort, viele Konzerte<\/p>\n<p class=\"article-paragraph\">Solch sogenannte Residency-Konzerte sind immer mehr im Trend, sagt SRF-Musik-Redaktor Shimun Krausz: \u00abSie haben noch nicht die ganze Welt erfasst hat, aber sie sind salonf\u00e4hig geworden. Lustigerweise ist ja C\u00e9line Dion quasi die Erfinderin der modernen Residency-Konzerte.\u00bb <\/p>\n<p>          Von Elvis bis Britney Spears  \u2013 die Geschichte der Residencies<\/p>\n<p>    Box aufklappen<br \/>\n    Box zuklappen<\/p>\n<p>                <img decoding=\"async\" alt=\"Person in einem weissen Anzug mit Mikrofon, leuchtender Schriftzug im Hintergrund.\" class=\"image__img\" loading=\"lazy\" src=\"https:\/\/www.europesays.com\/at\/wp-content\/uploads\/2026\/09\/1788556091_886_85c5b98.webp\"\/><\/p>\n<p>                    Legende:<\/p>\n<p>                Elvis, 1972 in Las Vegas.<\/p>\n<p>                    AP Photo, file<\/p>\n<p class=\"article-paragraph\">Der Pianist und S\u00e4nger Liberace begann 1944, in Las Vegas aufzutreten. Er spiele erste wiederkehrende Shows.<\/p>\n<p class=\"article-paragraph\">In den 1950er- und 1960er-Jahren spielte die Band Rat Pack um Frank Sinatra zahlreiche Konzerte in Las Vegas. Ab 1969 trat Elvis Presley in \u00fcber 600 Konzerten in der W\u00fcstenstadt auf.<\/p>\n<p class=\"article-paragraph\">C\u00e9line Dion startete 2003 die moderne \u00c4ra mit einer legend\u00e4ren Konzertreihe \u00abA New Day\u2026\u00bb im Caesars Palace von Las Vegas. Bis 2007 spielte sie 714 Konzerte. Von 2011 bis 2019 trat Dion mit \u00abC\u00e9line\u00bb nochmals an 427 Konzerten auf. Die beiden Konzertreihen zogen \u00fcber 4.5 Mio. Besucher an.<\/p>\n<p class=\"article-paragraph\">Mit Britney Spears&#8216; Konzertreihe \u00abPeace of Me\u00bb von 2013 bis 2017 wurden die Residency-Konzerte auch f\u00fcr globale Megastars zum Thema. So spielte beispielsweise Bruce Springsteen 2017\/2018 \u00fcber 230 Konzerte am Broadway in New York.<\/p>\n<p class=\"article-paragraph\">Die S\u00e4ngerin Adele sang im August 2024 zehn Konzerte in der Messe M\u00fcnchen. Und S\u00e4nger Harry Styles gibt vom 1. September bis Ende Oktober 30 Konzerte in der legend\u00e4ren New Yorker Konzerthalle Madison Square Garden.<\/p>\n<p class=\"article-paragraph\">F\u00fcr K\u00fcnstlerinnen und K\u00fcnstler h\u00e4tten mehrere Konzerte am gleichen Ort Vorteile. Damit entfalle das Reisen, sagt Krausz: \u00abEs ist f\u00fcr den K\u00fcnstler nat\u00fcrlich viel angenehmer und weniger kr\u00e4ftezehrend, immer am gleichen Ort zu sein. Man hat mehr oder weniger einen geregelten Tagesablauf. Wie ein B\u00fcrojob\u00a0\u2013 halt einfach am Abend.\u00bb <\/p>\n<p>                                                        Residency-Konzerte sind f\u00fcr Musikerinnen und Musiker g\u00fcnstiger&#8230;<\/p>\n<p class=\"article-paragraph\">Zudem koste es weniger, wenn mehrere Konzerte am gleichen Ort stattf\u00e4nden. Man m\u00fcsse die Technik nicht zusammenpacken und mit Trucks in die n\u00e4chste Stadt fahren und wieder alles auspacken. \u00abWenn K\u00fcnstlerinnen und K\u00fcnstler eine Residency machen, dann wissen sie genau, wie es jeden Abend aussieht. Das ist nicht nur bequem, sondern auch ein grosser finanzieller Vorteil.\u00bb <\/p>\n<p>                <img decoding=\"async\" alt=\"Person in elegantem Kleid singt auf der B\u00fchne vor grosser Menschenmenge.\" class=\"image__img\" loading=\"lazy\" src=\"data:image\/gif;base64,R0lGODlhAQABAIAAAAAAAP\/\/\/yH5BAEAAAAALAAAAAABAAEAAAIBRAA7\"\/><\/p>\n<p>                    Legende:<\/p>\n<p>                Das Residency-Konzert von Adele fand in M\u00fcnchen im August 2024 statt.<\/p>\n<p>                    imago images<\/p>\n<p class=\"article-paragraph\">Allerdings k\u00f6nne nicht jeder K\u00fcnstler solche Residencies machen, sagt Kausz: \u00abMan braucht schon eine grosse Fangemeinde, damit genug Leute bereit sind, zu einem Konzert zu reisen. Und sie m\u00fcssen viele grosse Songs und Alben ver\u00f6ffentlicht haben, also Musiklegenden sein, die die Fans einfach noch mal sehen wollen.\u00bb<\/p>\n<p>                                                        \u2026\u00a0f\u00fcr Fans jedoch einiges teurer<\/p>\n<p class=\"article-paragraph\">F\u00fcr die K\u00fcnstlerinnen und K\u00fcnstler sind Konzertreihen am gleichen Ort bequem, f\u00fcr die Fans weniger. Denn sie m\u00fcssen neben den Konzerttickets oft auch die Anreise und die \u00dcbernachtung bezahlen. <\/p>\n<p>                <img decoding=\"async\" alt=\"Person in glitzerndem Kleid singt auf einer B\u00fchne.\" class=\"image__img\" loading=\"lazy\" src=\"data:image\/gif;base64,R0lGODlhAQABAIAAAAAAAP\/\/\/yH5BAEAAAAALAAAAAABAAEAAAIBRAA7\"\/><\/p>\n<p>                    Legende:<\/p>\n<p>                Zwischen 2003 und 2019 hatte C\u00e9line Dion schon einmal eine Residency \u2013 und zwar im Hotel Ceasars Palace in Las Vegas.<\/p>\n<p>                    Photo by Al Powers\/Powers Imagery\/Invision\/AP<\/p>\n<p class=\"article-paragraph\">Viele Fans w\u00fcrden diese Kosten jedoch auf sich nehmen, so der SRF-Musikredaktor: \u00abAber vielleicht besuchen sie dann halt ein paar Konzerte weniger. Es werden sicher auch Fans ausgeschlossen, weil sie sich die teure Reise nicht leisten k\u00f6nnen.\u00bb <\/p>\n<p class=\"article-paragraph\">Solange diese Residencies aber ausverkauft seien, solange werde es sie auch geben. Und vielleicht auch noch ein paar zus\u00e4tzliche.<\/p>\n","protected":false},"excerpt":{"rendered":"Das B\u00fchnencomeback von C\u00e9line Dion folgt einem Trend, bei dem die Fans zu Musikerinnen und Musikern reisen und&hellip;\n","protected":false},"author":2,"featured_media":375890,"comment_status":"","ping_status":"","sticky":false,"template":"","format":"standard","meta":{"footnotes":"","_share_on_mastodon":"0"},"categories":[24],"tags":[46,42,147,153,154,44,148],"class_list":["post-375889","post","type-post","status-publish","format-standard","has-post-thumbnail","category-musik","tag-at","tag-austria","tag-entertainment","tag-music","tag-musik","tag-oesterreich","tag-unterhaltung"],"share_on_mastodon":{"url":"https:\/\/pubeurope.com\/@at\/117214820045140399","error":""},"_links":{"self":[{"href":"https:\/\/www.europesays.com\/at\/wp-json\/wp\/v2\/posts\/375889","targetHints":{"allow":["GET"]}}],"collection":[{"href":"https:\/\/www.europesays.com\/at\/wp-json\/wp\/v2\/posts"}],"about":[{"href":"https:\/\/www.europesays.com\/at\/wp-json\/wp\/v2\/types\/post"}],"author":[{"embeddable":true,"href":"https:\/\/www.europesays.com\/at\/wp-json\/wp\/v2\/users\/2"}],"replies":[{"embeddable":true,"href":"https:\/\/www.europesays.com\/at\/wp-json\/wp\/v2\/comments?post=375889"}],"version-history":[{"count":0,"href":"https:\/\/www.europesays.com\/at\/wp-json\/wp\/v2\/posts\/375889\/revisions"}],"wp:featuredmedia":[{"embeddable":true,"href":"https:\/\/www.europesays.com\/at\/wp-json\/wp\/v2\/media\/375890"}],"wp:attachment":[{"href":"https:\/\/www.europesays.com\/at\/wp-json\/wp\/v2\/media?parent=375889"}],"wp:term":[{"taxonomy":"category","embeddable":true,"href":"https:\/\/www.europesays.com\/at\/wp-json\/wp\/v2\/categories?post=375889"},{"taxonomy":"post_tag","embeddable":true,"href":"https:\/\/www.europesays.com\/at\/wp-json\/wp\/v2\/tags?post=375889"}],"curies":[{"name":"wp","href":"https:\/\/api.w.org\/{rel}","templated":true}]}}