{"id":375915,"date":"2026-09-04T21:27:12","date_gmt":"2026-09-04T21:27:12","guid":{"rendered":"https:\/\/www.europesays.com\/at\/375915\/"},"modified":"2026-09-04T21:27:12","modified_gmt":"2026-09-04T21:27:12","slug":"alissa-white-gluz-neue-band-blue-medusa-im-exklusiv-interview","status":"publish","type":"post","link":"https:\/\/www.europesays.com\/at\/375915\/","title":{"rendered":"Alissa White Gluz: Neue Band Blue Medusa im Exklusiv-Interview"},"content":{"rendered":"<p>Das war eine gelungene \u00dcberraschung! <a href=\"https:\/\/www.metal-hammer.de\/alissa-white-gluz-im-interview-blue-medusa-dragonforce-und-viel-mehr-2526479\/\" rel=\"nofollow noopener\" target=\"_blank\">Blue Medusa<\/a> feierten ihre Live-Premiere als <a href=\"https:\/\/www.metal-hammer.de\/corrupted-blood-club-show-in-berlin-infos-tickets-livestream-2543391\/\" rel=\"nofollow noopener\" target=\"_blank\">\u00dcberraschungs-Act bei der \u201eCorrupted Blood Club Show\u201c<\/a> am Freitagabend (4.9.) in Berlin. Wenige Stunden zuvor war ihr <a href=\"https:\/\/www.metal-hammer.de\/blue-medusa-veroeffentlichenneue-single-2543867\/\" rel=\"nofollow noopener\" target=\"_blank\">neues Musikvideo \u2018Crocodile.\u2019<\/a> erschienen \u2013 und METAL HAMMER traf die Band um Alissa White-Gluz exklusiv zum weltweit ersten gemeinsamen Interview!<\/p>\n<p>Blue Medusa <a href=\"https:\/\/www.metal-hammer.de\/alissa-white-gluz-ex-arch-enemy-praesentiert-ihre-neue-band-2502337\/\" rel=\"nofollow noopener\" target=\"_blank\">bestehen aus den Mitgliedern<\/a> Alissa White-Gluz, Alyssa Day, Alicia Vigil, Dani Sophia und Delaney Jaster. METAL HAMMER-CvD Katrin Riedl traf alle f\u00fcnf Mitglieder kurz vor dem ersten Live-Auftritt zum Gespr\u00e4ch \u00fcber Status und Zukunft der Band.<\/p>\n<p>Empfehlungen der Redaktion<\/p>\n<p>Das weltweit erste Interview mit Blue Medusa findet ihr weiter unten in diesem Artikel!<\/p>\n<p>Alissa White-Gluz\u2019 Solokarriere<\/p>\n<p>Die neuesten Ereignisse kr\u00f6nen f\u00fcr Alissa White-Gluz einen bemerkenswerten Sommer. Beim Wacken Open Air feierte sie ihren Geburtstag mit einem Gastauftritt in der Show von <a href=\"https:\/\/www.metal-hammer.de\/artists\/bear-mccreary\/\" rel=\"nofollow noopener\" target=\"_blank\">Bear McCreary<\/a>, mit sie den gemeinsamen Song \u2018Our Kingdom\u2019 performte \u2013 zugleich die offizielle Hymne des W:O:A 2026. Beim Summer Breeze Open Air gab sie zusammen mit Doyle Wolfgang von Frankenstein eine besondere Signing-Session. Bei Sonic Temple und Welcome To Rockville <a href=\"https:\/\/www.metal-hammer.de\/alissa-white-gluz-kann-sich-mit-dragonforce-stimmlich-ausleben-2535959\/\" rel=\"nofollow noopener\" target=\"_blank\">f\u00fcllte sie ihre neue Rolle als Dragonforce-S\u00e4ngerin aus<\/a>, w\u00e4hrend sie auf dem Hellfest als Teil der Umweltorganisation Savage Lands auftrat, eine spezielle Akustiksession spielte und <a href=\"https:\/\/www.metal-hammer.de\/artists\/sepultura\/\" rel=\"nofollow noopener\" target=\"_blank\">Sepultura<\/a> bei einem ihrer letzten Auftritte unterst\u00fctzte. Zudem kollaborierte sie mehrfach mit <a href=\"https:\/\/www.metal-hammer.de\/artists\/ice-nine-kills\/\" rel=\"nofollow noopener\" target=\"_blank\">Ice Nine Kills<\/a>, u.a. bei Rock Am Ring und Rock Im Park.<\/p>\n<p>Neben all diesen Aktivit\u00e4ten arbeitete Alissa unerm\u00fcdlich weiter an Blue Medusa, ihrer Solokarriere <a href=\"https:\/\/www.metal-hammer.de\/alissa-white-gluz-im-interview-blue-medusa-dragonforce-und-viel-mehr-2526479\/\" rel=\"nofollow noopener\" target=\"_blank\">sowie einer Reihe unerwarteter Kollaborationen<\/a>.<\/p>\n<p>Nun also standen Blue Medusa erstmals gemeinsam auf der B\u00fchne \u2013 und stellten sich dem weltweit ersten Interview \u2013 exklusiv f\u00fcr METAL HAMMER!<\/p>\n<p>Premiere: Blue Medusa im ersten Interview<\/p>\n<p>\u00a0<\/p>\n<p>An dieser Stelle findest du Inhalte aus Youtube<\/p>\n<p>Um mit Inhalten aus Sozialen Netzwerken zu interagieren oder diese darzustellen, brauchen wir deine Zustimmung.<\/p>\n<p>\tSoziale Netzwerke aktivieren<\/p>\n<p style=\"text-align: right;\">Interview: Katrin Riedl, Schnitt: Feli Lang<\/p>\n<p>2027 werden Alissa White Gluz\u2018 Blue Medusa nach Europa kommen. Untenstehende Auftritte sind bereits best\u00e4tigt:<\/p>\n<p>28.-31.07.2027 \u2013 (DE) Wacken, Wacken Open Air<br \/>11.-14.08.2027 \u2013 (ES) Villena, Leyendas del Rock<br \/>18.-21.08.2027 \u2013 (DE) Dinkelsb\u00fchl, Summer Breeze Open Air<\/p>\n<p>\u2014<br \/>Bestens informiert \u00fcber dieses und alle weiteren wichtigen Themen im Metal bleibt ihr au\u00dferdem mit unserem Newsletter. Einmal pro Woche flattert euch \u00fcbersichtlich sortiert ein Update ins Postfach.\u00a0<a href=\"https:\/\/www.metal-hammer.de\/news\/newsletter\/\" rel=\"nofollow noopener\" target=\"_blank\">Einfach anmelden<\/a>, damit euch auch sicher nichts entgeht.<\/p>\n<p class=\"wp-block-paragraph\">Exklusive Airbourne-Vinyl-7\u201c nur zusammen mit der aktuellen METAL HAMMER-Ausgabe: Jetzt am Kiosk oder direkt portofrei nach Hause zu bestellen! Alle Infos unter <a href=\"https:\/\/www.metal-hammer.de\/airbourne\" rel=\"nofollow noopener\" target=\"_blank\">www.metal-hammer.de\/airbourne<\/a>.<\/p>\n","protected":false},"excerpt":{"rendered":"Das war eine gelungene \u00dcberraschung! Blue Medusa feierten ihre Live-Premiere als \u00dcberraschungs-Act bei der \u201eCorrupted Blood Club Show\u201c&hellip;\n","protected":false},"author":2,"featured_media":375916,"comment_status":"","ping_status":"","sticky":false,"template":"","format":"standard","meta":{"footnotes":"","_share_on_mastodon":"0"},"categories":[24],"tags":[15870,5684,15871,46,42,15872,15873,15874,147,3768,1423,153,154,44,4653,148,55,66153,635],"class_list":["post-375915","post","type-post","status-publish","format-standard","has-post-thumbnail","category-musik","tag-alicia-vigil","tag-alissa-white-gluz","tag-alyssa-day","tag-at","tag-austria","tag-blue-medusa","tag-dani-sophia","tag-delaney-jaster","tag-entertainment","tag-exklusiv","tag-interview","tag-music","tag-musik","tag-oesterreich","tag-premiere","tag-unterhaltung","tag-video","tag-videointerview","tag-youtube"],"share_on_mastodon":{"url":"https:\/\/pubeurope.com\/@at\/117214893976171804","error":""},"_links":{"self":[{"href":"https:\/\/www.europesays.com\/at\/wp-json\/wp\/v2\/posts\/375915","targetHints":{"allow":["GET"]}}],"collection":[{"href":"https:\/\/www.europesays.com\/at\/wp-json\/wp\/v2\/posts"}],"about":[{"href":"https:\/\/www.europesays.com\/at\/wp-json\/wp\/v2\/types\/post"}],"author":[{"embeddable":true,"href":"https:\/\/www.europesays.com\/at\/wp-json\/wp\/v2\/users\/2"}],"replies":[{"embeddable":true,"href":"https:\/\/www.europesays.com\/at\/wp-json\/wp\/v2\/comments?post=375915"}],"version-history":[{"count":0,"href":"https:\/\/www.europesays.com\/at\/wp-json\/wp\/v2\/posts\/375915\/revisions"}],"wp:featuredmedia":[{"embeddable":true,"href":"https:\/\/www.europesays.com\/at\/wp-json\/wp\/v2\/media\/375916"}],"wp:attachment":[{"href":"https:\/\/www.europesays.com\/at\/wp-json\/wp\/v2\/media?parent=375915"}],"wp:term":[{"taxonomy":"category","embeddable":true,"href":"https:\/\/www.europesays.com\/at\/wp-json\/wp\/v2\/categories?post=375915"},{"taxonomy":"post_tag","embeddable":true,"href":"https:\/\/www.europesays.com\/at\/wp-json\/wp\/v2\/tags?post=375915"}],"curies":[{"name":"wp","href":"https:\/\/api.w.org\/{rel}","templated":true}]}}