{"id":375929,"date":"2026-09-04T21:36:10","date_gmt":"2026-09-04T21:36:10","guid":{"rendered":"https:\/\/www.europesays.com\/at\/375929\/"},"modified":"2026-09-04T21:36:10","modified_gmt":"2026-09-04T21:36:10","slug":"fpoe-schnedlitz-schluss-mit-chaos-stocker-und-babler-sollen-den-weg-fuer-neuwahlen-freimachen","status":"publish","type":"post","link":"https:\/\/www.europesays.com\/at\/375929\/","title":{"rendered":"FP\u00d6 \u2013 Schnedlitz: \u201eSchluss mit Chaos \u2013 Stocker und Babler sollen den Weg f\u00fcr Neuwahlen freimachen!\u201c"},"content":{"rendered":"<p>Wien (OTS) &#8211;\u00a0<\/p>\n<p>Die Berichte \u00fcber Abl\u00f6se\u00fcberlegungen in SP\u00d6 und \u00d6VP sind f\u00fcr FP\u00d6-Generalsekret\u00e4r und Heimatschutzsprecher NAbg. Michael Schnedlitz ein weiteres Zeichen f\u00fcr den fortschreitenden Zerfall der schwarz-rot-pinken Bundesregierung. W\u00e4hrend in der SP\u00d6 offen \u00fcber eine Nachfolge f\u00fcr Andreas Babler diskutiert werde, kursierten auch in der \u00d6VP l\u00e4ngst Szenarien \u00fcber die Zukunft von Bundeskanzler Christian Stocker.<\/p>\n<p>\u201eDas ist l\u00e4ngst mehr als das Pfeifen der Spatzen von den D\u00e4chern. Aus SP\u00d6 und \u00d6VP dringt immer offener nach au\u00dfen, dass man selbst nicht mehr an diese F\u00fchrung glaubt. Es geht offenbar nur noch darum, wann man Stocker und Babler austauscht, wer ihnen nachfolgt und wie man das eigene parteipolitische \u00dcberleben organisiert. \u00d6sterreich hat aber keine Zeit f\u00fcr monatelange Machtspiele und Hinterzimmer-Taktik. Wenn es vorbei ist, dann muss man auch den Anstand haben, das einzugestehen und die Bev\u00f6lkerung entscheiden zu lassen\u201c, so Schnedlitz.<\/p>\n<p>\u201eBesonders erhellend sind auch die Ger\u00fcchte, die man aus dem Lager manch schwarzer Landesparteien h\u00f6rt. Wenn Teile der \u00d6VP l\u00e4ngst wieder dar\u00fcber nachdenken, gemeinsam mit Herbert Kickl Verantwortung zu \u00fcbernehmen, dann ist Stockers derzeitige hektische Abgrenzung nur noch als politischer Selbstschutz zu deuten. Auch beim st\u00e4ndigen Aufblasen der Identit\u00e4ren-Debatte, so h\u00f6rt man, soll es Stocker und seinem ebenso nieder\u00f6sterreichischen Kollegen im Innenministerium, Karner, nur noch darum gehen, innerhalb der \u00d6VP mithilfe der Identit\u00e4ren-Geschichten gegen\u00fcber jenen \u201aabzudichten\u2018, die l\u00e4ngst mit einer \u00d6VP-Rolle als Juniorpartner unter einem Kanzler Kickl lieb\u00e4ugeln \u2013 was nat\u00fcrlich Stocker und dem Innenminister den Posten kosten w\u00fcrde. Da kommen aufgeblasene Horror-Geschichten \u00fcber Stockers m\u00f6glichen Kanzlernachfolger Stocker selbst und dem auch um seine Zukunft bangenden Innenminister nat\u00fcrlich gerade recht. Bevor diese \u00d6VP-Nieder\u00f6sterreich-Clique ihre beiden Posten verliert, f\u00fchrt sie offenbar lieber die gesamte eigene Partei in den Untergang, anstatt eine geordnete Konsolidierung als kleinerer Partner zuzulassen. Die \u00d6VP ist uns egal, und wenn sie sich von einem Kanzlerdarsteller und einem \u00fcberforderten Innenminister in Geiselhaft nehmen l\u00e4sst, ist das auch ihr Problem. Die B\u00fcrger d\u00fcrfen aber nicht l\u00e4nger Geiseln dieser parteiinternen \u00dcberlebensk\u00e4mpfe sein\u201c, erkl\u00e4rte Schnedlitz.<\/p>\n<p>\u201eJeder weitere Tag dieser Verlierer-Ampel kostet \u00d6sterreich wertvolle Zeit. W\u00e4hrend sich \u00d6VP und SP\u00d6 mit ihren Vorsitzenden und Nachfolgern besch\u00e4ftigen, k\u00e4mpfen Familien, Betriebe und Pensionisten mit Teuerung, Unsicherheit und wirtschaftlichem Stillstand. Stocker und Babler sollen den Weg freimachen \u2013 nicht f\u00fcr den n\u00e4chsten Personaltausch, sondern f\u00fcr Neuwahlen. Dann entscheidet das Volk, und danach kann \u00d6sterreich unter Herbert Kickl endlich wieder ordentlich gef\u00fchrt werden!\u201c<\/p>\n<p _ngcontent-ng-c2115416006=\"\"> OTS-ORIGINALTEXT PRESSEAUSSENDUNG UNTER AUSSCHLIESSLICHER<br \/>\nINHALTLICHER VERANTWORTUNG DES AUSSENDERS &#8211; WWW.OTS.AT | FPK<\/p>\n","protected":false},"excerpt":{"rendered":"Wien (OTS) &#8211;\u00a0 Die Berichte \u00fcber Abl\u00f6se\u00fcberlegungen in SP\u00d6 und \u00d6VP sind f\u00fcr FP\u00d6-Generalsekret\u00e4r und Heimatschutzsprecher NAbg. Michael&hellip;\n","protected":false},"author":2,"featured_media":375930,"comment_status":"","ping_status":"","sticky":false,"template":"","format":"standard","meta":{"footnotes":"","_share_on_mastodon":"0"},"categories":[6],"tags":[26393,26395,46,42,6865,680,44,26394,413,269,1868,43,45,54347,1121,877],"class_list":["post-375929","post","type-post","status-publish","format-standard","has-post-thumbnail","category-oesterreich","tag-apa","tag-apa-ots","tag-at","tag-austria","tag-bundesregierung","tag-fpoe","tag-oesterreich","tag-ots","tag-oevp","tag-politik","tag-regierungspolitik","tag-republic-of-austria","tag-republik-oesterreich","tag-schnedlitz","tag-spoe","tag-wirtschaft-und-finanzen"],"share_on_mastodon":{"url":"https:\/\/pubeurope.com\/@at\/117214929346897896","error":""},"_links":{"self":[{"href":"https:\/\/www.europesays.com\/at\/wp-json\/wp\/v2\/posts\/375929","targetHints":{"allow":["GET"]}}],"collection":[{"href":"https:\/\/www.europesays.com\/at\/wp-json\/wp\/v2\/posts"}],"about":[{"href":"https:\/\/www.europesays.com\/at\/wp-json\/wp\/v2\/types\/post"}],"author":[{"embeddable":true,"href":"https:\/\/www.europesays.com\/at\/wp-json\/wp\/v2\/users\/2"}],"replies":[{"embeddable":true,"href":"https:\/\/www.europesays.com\/at\/wp-json\/wp\/v2\/comments?post=375929"}],"version-history":[{"count":0,"href":"https:\/\/www.europesays.com\/at\/wp-json\/wp\/v2\/posts\/375929\/revisions"}],"wp:featuredmedia":[{"embeddable":true,"href":"https:\/\/www.europesays.com\/at\/wp-json\/wp\/v2\/media\/375930"}],"wp:attachment":[{"href":"https:\/\/www.europesays.com\/at\/wp-json\/wp\/v2\/media?parent=375929"}],"wp:term":[{"taxonomy":"category","embeddable":true,"href":"https:\/\/www.europesays.com\/at\/wp-json\/wp\/v2\/categories?post=375929"},{"taxonomy":"post_tag","embeddable":true,"href":"https:\/\/www.europesays.com\/at\/wp-json\/wp\/v2\/tags?post=375929"}],"curies":[{"name":"wp","href":"https:\/\/api.w.org\/{rel}","templated":true}]}}