{"id":375963,"date":"2026-09-04T22:09:20","date_gmt":"2026-09-04T22:09:20","guid":{"rendered":"https:\/\/www.europesays.com\/at\/375963\/"},"modified":"2026-09-04T22:09:20","modified_gmt":"2026-09-04T22:09:20","slug":"souveraener-cup-aufstieg-ried-jubelt-im-lokalderby","status":"publish","type":"post","link":"https:\/\/www.europesays.com\/at\/375963\/","title":{"rendered":"Souver\u00e4ner Cup-Aufstieg! Ried jubelt im Lokalderby"},"content":{"rendered":"<p>Die <a href=\"https:\/\/www.laola1.at\/de\/daten\/news\/fussball\/sv-ried\/\" class=\"tag\" rel=\"nofollow noopener\" target=\"_blank\">SV Ried<\/a> feiert in der zweiten Runde des UNIQA-\u00d6FB-Cups einen souver\u00e4nen 5:1-Ausw\u00e4rtssieg bei Wallern\/St. Marienkirchen.<\/p>\n<p>Zun\u00e4chst gestaltet aber Wallern die Cup-Partie trotz der klaren Au\u00dfenseiterrolle \u00e4u\u00dferst offensiv und mutig. Die Rieder nutzen aber ihre Chancen im Gegensatz zu den Heimischen aus.<\/p>\n<p>Evan Aisowieren schiebt den Ball nach einer starken Kombination ins Netz zur F\u00fchrung der Rieder (17.). Trotzdem bleibt der Tabellenf\u00fchrer der Regionalliga Nord offensiv und kommt dem Ausgleich zeitweise ziemlich nahe. Allerdings sorgt Ried noch vor dem Seitenwechsel f\u00fcr glasklare Verh\u00e4ltnisse.<\/p>\n<p>Drei schnelle Tore ebnen Ried den Weg zum Sieg<\/p>\n<p>Ein Eckball der Rieder wird ganz ungl\u00fccklich von SPG-Kicker Maximilian Straif an der ersten Stange ins eigene Tor verl\u00e4ngert (32.). Es ist aber eine strittige Entscheidung, ob der Ball hinter der Linie landet.<\/p>\n<p>Nur zwei Minuten danach erh\u00f6ht Martin Rasner aus dem R\u00fcckraum zur 3:0-F\u00fchrung f\u00fcr Ried. Obendrein trifft auch noch <a href=\"https:\/\/www.laola1.at\/de\/daten\/news\/philipp-pomer\/\" class=\"tag\" rel=\"nofollow noopener\" target=\"_blank\">Philipp Pomer<\/a> mit einem sehenswerten Schuss ins rechte Kreuzeck f\u00fcr die 4:0-Halbzeitf\u00fchrung (39.).<\/p>\n<p>Wallern gelingt Ehrentreffer<\/p>\n<p>Auch nach dem Seitenwechsel bleibt die Despotovic-Elf in Torlaune. Stefan Schwab netzt nach einem Ballverlust der Gastgeber zum 5:0 ein (57.).<\/p>\n<p>Noch vor der Schlussphase gelingt Wallern aber der verdiente Ehrentreffer. Dejan Misic sorgt f\u00fcr einen Torjubel bei den heimischen Fans (79.).<\/p>\n<p>Somit darf sich Ried nach einer eher schw\u00e4cheren, fr\u00fchen Saisonphase &#8211; mit nur einem Sieg aus f\u00fcnf Partien &#8211; immerhin \u00fcber den Cup-Sieg im Derby freuen.<\/p>\n<p>Hertha Wels schmei\u00dft Kapfenberg raus<\/p>\n<p>Parallel eliminiert der FC Hertha Wels LigaZwa-Konkurrent Kapfenberg in der zweiten Cup-Runde mit 1:0 Das entscheidende Tor gelingt Tolgahan Sahin (53.).<\/p>\n","protected":false},"excerpt":{"rendered":"Die SV Ried feiert in der zweiten Runde des UNIQA-\u00d6FB-Cups einen souver\u00e4nen 5:1-Ausw\u00e4rtssieg bei Wallern\/St. Marienkirchen. Zun\u00e4chst gestaltet&hellip;\n","protected":false},"author":2,"featured_media":375964,"comment_status":"","ping_status":"","sticky":false,"template":"","format":"standard","meta":{"footnotes":"","_share_on_mastodon":"0"},"categories":[18],"tags":[46,42,964,5719,44,109,108,4334,78128],"class_list":["post-375963","post","type-post","status-publish","format-standard","has-post-thumbnail","category-sport","tag-at","tag-austria","tag-fussball","tag-oefb-cup","tag-oesterreich","tag-sport","tag-sports","tag-sv-ried","tag-sv-wallern"],"share_on_mastodon":{"url":"https:\/\/pubeurope.com\/@at\/117215059466952660","error":""},"_links":{"self":[{"href":"https:\/\/www.europesays.com\/at\/wp-json\/wp\/v2\/posts\/375963","targetHints":{"allow":["GET"]}}],"collection":[{"href":"https:\/\/www.europesays.com\/at\/wp-json\/wp\/v2\/posts"}],"about":[{"href":"https:\/\/www.europesays.com\/at\/wp-json\/wp\/v2\/types\/post"}],"author":[{"embeddable":true,"href":"https:\/\/www.europesays.com\/at\/wp-json\/wp\/v2\/users\/2"}],"replies":[{"embeddable":true,"href":"https:\/\/www.europesays.com\/at\/wp-json\/wp\/v2\/comments?post=375963"}],"version-history":[{"count":0,"href":"https:\/\/www.europesays.com\/at\/wp-json\/wp\/v2\/posts\/375963\/revisions"}],"wp:featuredmedia":[{"embeddable":true,"href":"https:\/\/www.europesays.com\/at\/wp-json\/wp\/v2\/media\/375964"}],"wp:attachment":[{"href":"https:\/\/www.europesays.com\/at\/wp-json\/wp\/v2\/media?parent=375963"}],"wp:term":[{"taxonomy":"category","embeddable":true,"href":"https:\/\/www.europesays.com\/at\/wp-json\/wp\/v2\/categories?post=375963"},{"taxonomy":"post_tag","embeddable":true,"href":"https:\/\/www.europesays.com\/at\/wp-json\/wp\/v2\/tags?post=375963"}],"curies":[{"name":"wp","href":"https:\/\/api.w.org\/{rel}","templated":true}]}}