{"id":375993,"date":"2026-09-04T22:35:09","date_gmt":"2026-09-04T22:35:09","guid":{"rendered":"https:\/\/www.europesays.com\/at\/375993\/"},"modified":"2026-09-04T22:35:09","modified_gmt":"2026-09-04T22:35:09","slug":"sv-oberbank-ried-im-cup-souveraen-weiter","status":"publish","type":"post","link":"https:\/\/www.europesays.com\/at\/375993\/","title":{"rendered":"SV Oberbank Ried im Cup souver\u00e4n weiter"},"content":{"rendered":"<p>RIED, GURTEN. Die SV Oberbank Ried hat im \u00d6FB-Cup mit einem 5:1-Sieg bei der SPG Wallern\/St. Marienkirchen souver\u00e4n und standesgem\u00e4\u00df die n\u00e4chste Runde erreicht. Die Union Raiffeisen Gurten siegte in der Regionalliga Nord 1:0 in Kuchl, w\u00e4hrend die Jungen Wikinger beim FC Pinzgau 0:2 verloren. <\/p>\n<p>Vor und nach dem 1:0 f\u00fcr die SVR durch Evan Aisowieren (17.) hatte der Regionalliga-Nord-Spitzenreiter Wallern\/St. Marienkirchen noch die eine oder andere Torchance. Dann brachten drei Tore innerhalb von sechs Minuten die Rieder auf die Siegerstra\u00dfe: Erst ein Eigentor von Straif (33.) zum 0:2 und gleich danach die Treffer von Michael Rasner (35.) und Philipp Pomer (39.) zum 4:0-Halbzeitstand. Stefan Schwab erh\u00f6hte in der 57. Minute auf 0:5. Danach lie\u00df die SVR das Spiel kontrolliert ausklingen, lie\u00df aber noch den Ehrentreffer der Amateure zum 1:5 (79.) durch Misic zu.<\/p>\n<p>In der n\u00e4chsten Bundesliga-Runde kommt am Freitag, 11. September, um 19.30 Uhr der noch ungeschlagene Tabellenzweite Red Bull Salzburg in die BWT Ober\u00f6sterreichische Arena nach Ried.<\/p>\n<p>Die SVR verpflichtete kurz vor Schluss des Transferfensters den kroatischen Verteidiger Luka Capan. Michael Sollbauer verlie\u00df Ried und wechselte zum GAK.<\/p>\n<p>Regionalliga Nord<\/p>\n<p>Die Union Gurten siegte ausw\u00e4rts beim SV Kuchl mit 1:0 (Torsch\u00fctze: Jakob Kreuzer, 30.) und schlo\u00df damit in der Tabelle zum Tabellenf\u00fchrer Wallern\/St. Marienkirchen auf. N\u00e4chster Gegner ist am Freitag, 11. September, um 19.30 Uhr der FC Pinzgau.<\/p>\n<p>Die Jungen Wikinger verloren beim Tabellenletzten FC Pinzgau mit 0:2 und kassierten damit nach dem guten Saisonstart die dritte Niederlage in Serie. Sie empfangen in der n\u00e4chsten Runde am Samstag, 12. September, um 15.30 Uhr Wallern\/St. Marienkirchen.<\/p>\n","protected":false},"excerpt":{"rendered":"RIED, GURTEN. Die SV Oberbank Ried hat im \u00d6FB-Cup mit einem 5:1-Sieg bei der SPG Wallern\/St. Marienkirchen souver\u00e4n&hellip;\n","protected":false},"author":2,"featured_media":375994,"comment_status":"","ping_status":"","sticky":false,"template":"","format":"standard","meta":{"footnotes":"","_share_on_mastodon":"0"},"categories":[8],"tags":[676,964,43358,40,41,5719,63336,39,4334,38,23125],"class_list":["post-375993","post","type-post","status-publish","format-standard","has-post-thumbnail","category-nachrichten","tag-bundesliga","tag-fussball","tag-junge-wikinger","tag-nachrichten","tag-news","tag-oefb-cup","tag-regionalliga-nord","tag-schlagzeilen","tag-sv-ried","tag-top-meldungen","tag-union-gurten"],"share_on_mastodon":{"url":"https:\/\/pubeurope.com\/@at\/117215161417177265","error":""},"_links":{"self":[{"href":"https:\/\/www.europesays.com\/at\/wp-json\/wp\/v2\/posts\/375993","targetHints":{"allow":["GET"]}}],"collection":[{"href":"https:\/\/www.europesays.com\/at\/wp-json\/wp\/v2\/posts"}],"about":[{"href":"https:\/\/www.europesays.com\/at\/wp-json\/wp\/v2\/types\/post"}],"author":[{"embeddable":true,"href":"https:\/\/www.europesays.com\/at\/wp-json\/wp\/v2\/users\/2"}],"replies":[{"embeddable":true,"href":"https:\/\/www.europesays.com\/at\/wp-json\/wp\/v2\/comments?post=375993"}],"version-history":[{"count":0,"href":"https:\/\/www.europesays.com\/at\/wp-json\/wp\/v2\/posts\/375993\/revisions"}],"wp:featuredmedia":[{"embeddable":true,"href":"https:\/\/www.europesays.com\/at\/wp-json\/wp\/v2\/media\/375994"}],"wp:attachment":[{"href":"https:\/\/www.europesays.com\/at\/wp-json\/wp\/v2\/media?parent=375993"}],"wp:term":[{"taxonomy":"category","embeddable":true,"href":"https:\/\/www.europesays.com\/at\/wp-json\/wp\/v2\/categories?post=375993"},{"taxonomy":"post_tag","embeddable":true,"href":"https:\/\/www.europesays.com\/at\/wp-json\/wp\/v2\/tags?post=375993"}],"curies":[{"name":"wp","href":"https:\/\/api.w.org\/{rel}","templated":true}]}}