{"id":376009,"date":"2026-09-04T22:47:14","date_gmt":"2026-09-04T22:47:14","guid":{"rendered":"https:\/\/www.europesays.com\/at\/376009\/"},"modified":"2026-09-04T22:47:14","modified_gmt":"2026-09-04T22:47:14","slug":"saengerin-mia-julia-unterbricht-auftritt-fuer-wichtige-botschaft","status":"publish","type":"post","link":"https:\/\/www.europesays.com\/at\/376009\/","title":{"rendered":"S\u00e4ngerin Mia Julia unterbricht Auftritt f\u00fcr wichtige Botschaft"},"content":{"rendered":"<p>&#8222;Das habe ich noch nie \u00f6ffentlich gemacht&#8220; <\/p>\n<p>S\u00e4ngerin Mia Julia unterbricht Auftritt f\u00fcr wichtige Botschaft<\/p>\n<p>04.09.2026 &#8211; 23:13 UhrLesedauer: 2 Min.<\/p>\n<p><a href=\"#focus-0\" class=\"transition-colors block text-current relative\" data-sctrack=\"FocusGalleryImage.Reference\"><img fetchpriority=\"high\" data-testid=\"Opener.Image\"   loading=\"eager\" src=\"https:\/\/www.europesays.com\/at\/wp-content\/uploads\/2026\/09\/mia-julia-brueckner-sie-tritt-schon-seit-2012-am-ballermann-auf.jpg\" alt=\"Mia Julia Br\u00fcckner: Sie tritt schon seit 2012 am Ballermann auf.\" title=\"Mia Julia Br\u00fcckner: Sie tritt schon seit 2012 am Ballermann auf.\" width=\"3357\" height=\"1888\" class=\"bg-[url:var(--lqipURL)] bg-cover bg-center flex h-full w-full max-w-full\" style=\"--lqipURL:url('https:\/\/images.t-online.de\/2026\/07\/TsXYjE99HDiI\/656x327:3357x1888\/fit-in\/150x0\/filters:blur(25)\/mia-julia-brueckner-sie-tritt-schon-seit-2012-am-ballermann-auf.jpg')\" decoding=\"async\"\/><img loading=\"lazy\" src=\"https:\/\/www.t-online.de\/s\/paper\/_next\/static\/media\/zoom-in.f7dae02f.svg\" alt=\"Vergr\u00f6\u00dfern des Bildes\" title=\"Vergr\u00f6\u00dfern des Bildes\" class=\"block h-[calc(var(--height)_\/_16_*_1rem)] w-[calc(var(--width)_\/_16_*_1rem)] max-w-none absolute right-8 bottom-8 rounded-4 bg-snow p-8\" style=\"--width:32;--height:32\" decoding=\"async\"\/><\/a><\/p>\n<p>Mia Julia Br\u00fcckner: Sie tritt schon seit 2012 am Ballermann auf. (Quelle: IMAGO\/Max Patzig)<\/p>\n<p><img loading=\"lazy\" src=\"https:\/\/www.t-online.de\/s\/paper\/_next\/static\/media\/audio-volume.6689034c.svg\" alt=\"\" title=\"\" class=\"block h-[calc(var(--height)_\/_16_*_1rem)] w-[calc(var(--width)_\/_16_*_1rem)] max-w-none group-hover:brightness-0 group-hover:invert\" style=\"--width:16;--height:16\" decoding=\"async\"\/>Vorlesen<\/p>\n<p>Aktuelle Zeit:0:00Gesamtdauer:0:00<\/p>\n<p>1x<img loading=\"lazy\" src=\"https:\/\/www.t-online.de\/s\/paper\/_next\/static\/media\/font-sizes.32942e33.svg\" alt=\"\" title=\"\" class=\"block h-[calc(var(--height)_\/_16_*_1rem)] w-[calc(var(--width)_\/_16_*_1rem)] max-w-none group-hover:hidden group-aria-expanded:hidden\" style=\"--width:16;--height:16\" decoding=\"async\"\/><img loading=\"lazy\" src=\"https:\/\/www.t-online.de\/s\/paper\/_next\/static\/media\/font-sizes-dark-mode.e382645c.svg\" alt=\"\" title=\"\" class=\"block h-[calc(var(--height)_\/_16_*_1rem)] w-[calc(var(--width)_\/_16_*_1rem)] max-w-none hidden group-hover:block group-aria-expanded:block\" style=\"--width:16;--height:16\" decoding=\"async\"\/><img loading=\"lazy\" src=\"https:\/\/www.t-online.de\/s\/paper\/_next\/static\/media\/sharing-menu-icon.1eb71368.svg\" alt=\"\" title=\"\" class=\"block h-[calc(var(--height)_\/_16_*_1rem)] w-[calc(var(--width)_\/_16_*_1rem)] max-w-none group-hover:brightness-0 group-hover:invert\" style=\"--width:16;--height:16\" decoding=\"async\"\/>Artikel teilen<\/p>\n<p class=\"font-bold text-18 leading-17 user-text-lg:text-22 user-text-xl:text-24\">Auf Mallorca heizt Mia Julia regelm\u00e4\u00dfig der feiernden Menge ein. Nun unterbrach sie f\u00fcr mehrere Minuten ihre Show, um sich gegen Rechtsextremismus stark zu machen.<\/p>\n<p class=\"text-18 leading-17 user-text-lg:text-22 user-text-xl:text-24\">Sie ist seit \u00fcber zehn Jahren als Partys\u00e4ngerin am Ballermann erfolgreich. Nach ihrer fr\u00fcheren Karriere in der Erotikbranche erfand sich Mia Julia ab 2012 neu und machte sich mit Hits wie &#8222;Peter Pan&#8220; oder &#8222;Mallorca (Da bin ich daheim)&#8220; einen Namen. Auch ihre Alben erreichen regelm\u00e4\u00dfig Spitzenplatzierungen. Mit &#8222;Mitten in Mia&#8220; stieg Mia Julia 2020 beispielsweise auf Platz 2 der offiziellen deutschen Album-Charts ein \u2013 direkt hinter Schlagerstar <a href=\"https:\/\/www.t-online.de\/themen\/helene-fischer\/\" class=\"transition-colors cursor-pointer no-underline md:hover:text-magenta md:focus:text-magenta border-b border-solid border-current text-salemsfur md:hover:border-magenta\" data-tracking=\"{&quot;action&quot;:&quot;click&quot;,&quot;category&quot;:&quot;intextLink&quot;,&quot;label&quot;:&quot;\/themen\/helene-fischer\/&quot;}\" data-sctrack=\"BodyAnchor\" rel=\"nofollow noopener\" target=\"_blank\">Helene Fischer<\/a>.<\/p>\n<p class=\"text-18 leading-17 user-text-lg:text-22 user-text-xl:text-24\">Am Freitagabend stand die 39-J\u00e4hrige f\u00fcr das &#8222;Gl\u00fccksgef\u00fchle&#8220;-Festival in Hockenheim auf der B\u00fchne. W\u00e4hrend sie zun\u00e4chst ihr Programm wie geplant durchzog, unterbrach die S\u00e4ngerin \u00fcberraschend ihren Auftritt f\u00fcr mehrere Minuten. Vor rund 250.000 Besuchern sendete Mia Julia eine ernste Botschaft gegen Rechtsextremismus und offenbarte dabei, dass sie selbst seit rund zehn Jahren von Nazis bedroht wird. Die Mallorca-S\u00e4ngerin erz\u00e4hlte, dass es 2017 bei einem ihrer Auftritte am Ballermann zu einem Vorfall kam: &#8222;Bei diesem Abriss sehe ich auf einmal 25 Nazis stehen. Hammerskins. Mir war sofort klar: keine Party f\u00fcr Nazis bei meiner Show!&#8220;<\/p>\n<p>&#8222;Seit Jahren streite ich mich mit Nazis&#8220;<\/p>\n<p class=\"text-18 leading-17 user-text-lg:text-22 user-text-xl:text-24\">Wie die &#8222;Bild&#8220;-Zeitung berichtet, sollen Neonazis damals versucht haben, den Auftritt von Mia Julia mit &#8222;Ausl\u00e4nder raus&#8220;-Rufen zu st\u00f6ren. Zudem sollen sie Reichsflaggen geschwenkt haben. Als die S\u00e4ngerin das bemerkte, soll sie ihren Auftritt unterbrochen und gerufen haben: &#8222;Macht sofort die Schei\u00dfe da runter.&#8220; Beim aktuellen &#8222;Gl\u00fccksgef\u00fchle&#8220;-Festival verriet Mia Julia nun, dass sie &#8222;damals Morddrohungen und Vergewaltigungsdrohungen bekommen&#8220; habe. &#8222;Das zieht sich bis heute. Das habe ich noch nie \u00f6ffentlich gemacht. Seit fast zehn Jahren streite ich mich mit Nazis.&#8220;<\/p>\n<p class=\"text-18 leading-17 user-text-lg:text-22 user-text-xl:text-24\">Davon will sich die Ballermann-S\u00e4ngerin jedoch nicht unterkriegen lassen. Im Gegenteil: &#8222;Ich bin auf dem Dorf gro\u00df geworden, da habe ich mich schon mit 15 Jahren mit Nazis rumgestritten, die haben mich sogar durch den Raum geschlagen.&#8220; Mit ihrer Botschaft auf der B\u00fchne wolle die 39-J\u00e4hrige bewusst ein Zeichen setzen, denn: &#8222;Ich liebe Blau. Und ich hole mir die Farbe wieder zur\u00fcck. Ich stehe f\u00fcr Toleranz, f\u00fcr Vielfalt, f\u00fcr freie Liebe. In der heutigen Zeit k\u00f6nnen wir nicht den Mund halten. Wir m\u00fcssen den Mund aufmachen, um gewisse Augen zu \u00f6ffnen.&#8220;<\/p>\n","protected":false},"excerpt":{"rendered":"&#8222;Das habe ich noch nie \u00f6ffentlich gemacht&#8220; S\u00e4ngerin Mia Julia unterbricht Auftritt f\u00fcr wichtige Botschaft 04.09.2026 &#8211; 23:13&hellip;\n","protected":false},"author":2,"featured_media":376010,"comment_status":"","ping_status":"","sticky":false,"template":"","format":"standard","meta":{"footnotes":"","_share_on_mastodon":"0"},"categories":[22],"tags":[46,42,10547,3580,147,3097,6182,12461,3950,34497,37324,44,94022,3340,148],"class_list":["post-376009","post","type-post","status-publish","format-standard","has-post-thumbnail","category-unterhaltung","tag-at","tag-austria","tag-ballermann","tag-botschaft","tag-entertainment","tag-festival","tag-helene-fischer","tag-hockenheim","tag-mallorca","tag-mia-julia-brueckner","tag-neonazi","tag-oesterreich","tag-peter-pan","tag-rechtsextremismus","tag-unterhaltung"],"share_on_mastodon":{"url":"https:\/\/pubeurope.com\/@at\/117215209255954314","error":""},"_links":{"self":[{"href":"https:\/\/www.europesays.com\/at\/wp-json\/wp\/v2\/posts\/376009","targetHints":{"allow":["GET"]}}],"collection":[{"href":"https:\/\/www.europesays.com\/at\/wp-json\/wp\/v2\/posts"}],"about":[{"href":"https:\/\/www.europesays.com\/at\/wp-json\/wp\/v2\/types\/post"}],"author":[{"embeddable":true,"href":"https:\/\/www.europesays.com\/at\/wp-json\/wp\/v2\/users\/2"}],"replies":[{"embeddable":true,"href":"https:\/\/www.europesays.com\/at\/wp-json\/wp\/v2\/comments?post=376009"}],"version-history":[{"count":0,"href":"https:\/\/www.europesays.com\/at\/wp-json\/wp\/v2\/posts\/376009\/revisions"}],"wp:featuredmedia":[{"embeddable":true,"href":"https:\/\/www.europesays.com\/at\/wp-json\/wp\/v2\/media\/376010"}],"wp:attachment":[{"href":"https:\/\/www.europesays.com\/at\/wp-json\/wp\/v2\/media?parent=376009"}],"wp:term":[{"taxonomy":"category","embeddable":true,"href":"https:\/\/www.europesays.com\/at\/wp-json\/wp\/v2\/categories?post=376009"},{"taxonomy":"post_tag","embeddable":true,"href":"https:\/\/www.europesays.com\/at\/wp-json\/wp\/v2\/tags?post=376009"}],"curies":[{"name":"wp","href":"https:\/\/api.w.org\/{rel}","templated":true}]}}