{"id":376027,"date":"2026-09-04T22:58:09","date_gmt":"2026-09-04T22:58:09","guid":{"rendered":"https:\/\/www.europesays.com\/at\/376027\/"},"modified":"2026-09-04T22:58:09","modified_gmt":"2026-09-04T22:58:09","slug":"linz-ag-linien-schnuppertag-fuer-busfahrerinnen","status":"publish","type":"post","link":"https:\/\/www.europesays.com\/at\/376027\/","title":{"rendered":"LINZ AG LINIEN Schnuppertag f\u00fcr Busfahrer*innen"},"content":{"rendered":"<p>Beim Schnuppertag am 18. Oktober 2026 informieren die LINZ AG LINIEN\u00a0dar\u00fcber, wie vielf\u00e4ltig das Berufsbild Busfahrer*in bei den LINZ AG LINIEN ist.<\/p>\n<p>Sie m\u00f6chten sich beruflich ver\u00e4ndern? Die LINZ AG LINIEN bieten Quereinsteiger*innen wie berufserfahrenen Busfahrer*innen die M\u00f6glichkeit, ganz vorne einzusteigen. Im Rahmen des Schnuppertags am Sonntag, 18. Oktober im LINZ AG-Center (Wiener Stra\u00dfe 151, 4021 Linz) informieren die LINZ AG LINIEN \u00fcber das vielf\u00e4ltige Berufsbild.<\/p>\n<p>Anmeldung bis 30. September 2026 online auf <a rel=\"nofollow noopener\" target=\"_blank\" href=\"http:\/\/www.linzag.at\/schnuppertag\">www.linzag.at\/schnuppertag<\/a><\/p>\n<p>\u00a0<\/p>\n<p>Was erwartet Sie beim Schnuppertag?<\/p>\n<p>Ein Blick hinter die Kulissen des FahrbetriebInfos zum Beruf wie Einstiegsvoraussetzungen und BenefitsF\u00fchrung durch die VerkehrsleitzentraleBesichtigung der Fahrzeuge der LINZ AG LINIENProbefahrt mit einem modernen SchulungsbusKennenlernen von Ausbilder*innen aus der LINZ AG-internen FahrschuleInfos direkt von Kolleg*innen im Fahrbetrieb<\/p>\n","protected":false},"excerpt":{"rendered":"Beim Schnuppertag am 18. Oktober 2026 informieren die LINZ AG LINIEN\u00a0dar\u00fcber, wie vielf\u00e4ltig das Berufsbild Busfahrer*in bei den&hellip;\n","protected":false},"author":2,"featured_media":376028,"comment_status":"","ping_status":"","sticky":false,"template":"","format":"standard","meta":{"footnotes":"","_share_on_mastodon":"0"},"categories":[30],"tags":[7214,46,5852,42,2644,49746,45454,184,44,94024],"class_list":["post-376027","post","type-post","status-publish","format-standard","has-post-thumbnail","category-linz","tag-arbeit","tag-at","tag-ausbildung","tag-austria","tag-bus","tag-busfahrer","tag-job","tag-linz","tag-oesterreich","tag-schnuppertag"],"share_on_mastodon":{"url":"https:\/\/pubeurope.com\/@at\/117215252024496384","error":""},"_links":{"self":[{"href":"https:\/\/www.europesays.com\/at\/wp-json\/wp\/v2\/posts\/376027","targetHints":{"allow":["GET"]}}],"collection":[{"href":"https:\/\/www.europesays.com\/at\/wp-json\/wp\/v2\/posts"}],"about":[{"href":"https:\/\/www.europesays.com\/at\/wp-json\/wp\/v2\/types\/post"}],"author":[{"embeddable":true,"href":"https:\/\/www.europesays.com\/at\/wp-json\/wp\/v2\/users\/2"}],"replies":[{"embeddable":true,"href":"https:\/\/www.europesays.com\/at\/wp-json\/wp\/v2\/comments?post=376027"}],"version-history":[{"count":0,"href":"https:\/\/www.europesays.com\/at\/wp-json\/wp\/v2\/posts\/376027\/revisions"}],"wp:featuredmedia":[{"embeddable":true,"href":"https:\/\/www.europesays.com\/at\/wp-json\/wp\/v2\/media\/376028"}],"wp:attachment":[{"href":"https:\/\/www.europesays.com\/at\/wp-json\/wp\/v2\/media?parent=376027"}],"wp:term":[{"taxonomy":"category","embeddable":true,"href":"https:\/\/www.europesays.com\/at\/wp-json\/wp\/v2\/categories?post=376027"},{"taxonomy":"post_tag","embeddable":true,"href":"https:\/\/www.europesays.com\/at\/wp-json\/wp\/v2\/tags?post=376027"}],"curies":[{"name":"wp","href":"https:\/\/api.w.org\/{rel}","templated":true}]}}