{"id":376051,"date":"2026-09-04T23:18:08","date_gmt":"2026-09-04T23:18:08","guid":{"rendered":"https:\/\/www.europesays.com\/at\/376051\/"},"modified":"2026-09-04T23:18:08","modified_gmt":"2026-09-04T23:18:08","slug":"superzwickl-flieg-liederlich-flieg","status":"publish","type":"post","link":"https:\/\/www.europesays.com\/at\/376051\/","title":{"rendered":"SUPERZWICKL &#8211; \u201eFlieg! Liederlich flieg!\u201c"},"content":{"rendered":"<p>Kabarett ab 16<\/p>\n<p>Comedy? Sicher nicht! Schenkelklopfer? Sicher nicht!<\/p>\n<p>Zeigefinger? Sicher nicht! Kleinkunst? Oh ja! Rettet die Kleinkunst!<\/p>\n<p>Schr\u00e4g? Aber nat\u00fcrlich! Lachkr\u00e4mpfe? Ganz wichtig!<\/p>\n<p>Erotisch? Warum nicht! Gruselig? Unbedingt! Ein grausiges Lachmassaker<\/p>\n<p>Der Gmundner Schauspieler Lorenz Zwicklhuber liest immer zwischen den Zeilen der Dinge und verwebt auch allt\u00e4gliche Situationen in fantastische Szenarien \u2013 so auch in seinem neuen Kabarettprogramm.<\/p>\n<p>\u00a0<\/p>\n<p>KARTEN UNTER<\/p>\n<p><a title=\"Tickets\" rel=\"nofollow noopener\" target=\"_blank\" href=\"https:\/\/reservation.ticketleo.com\/event\/36125\/superzwickl\">ONLINE <\/a>(Print@Home oder Reservierung)<\/p>\n<p>0699 11399844<\/p>\n<p><a rel=\"nofollow noopener\" target=\"_blank\" href=\"https:\/\/www.tips.at\/events\/linz\/mailto:karten@tribuene-linz.at\">karten@tribuene-linz.at<\/a><\/p>\n<p>\u00a0<\/p>\n<p>Alle Infos zum Abend unter <a title=\"www.tribuene-linz.at\" rel=\"nofollow noopener\" target=\"_blank\" href=\"http:\/\/www.tribuene-linz.at\">www.tribuene-linz.at<\/a><\/p>\n","protected":false},"excerpt":{"rendered":"Kabarett ab 16 Comedy? Sicher nicht! Schenkelklopfer? Sicher nicht! Zeigefinger? Sicher nicht! Kleinkunst? Oh ja! Rettet die Kleinkunst!&hellip;\n","protected":false},"author":2,"featured_media":376052,"comment_status":"","ping_status":"","sticky":false,"template":"","format":"standard","meta":{"footnotes":"","_share_on_mastodon":"0"},"categories":[30],"tags":[46,42,2140,184,94036,44,94035,59420,28517],"class_list":["post-376051","post","type-post","status-publish","format-standard","has-post-thumbnail","category-linz","tag-at","tag-austria","tag-kabarett","tag-linz","tag-lorenz-zwicklhuber","tag-oesterreich","tag-superzwickl","tag-theater-am-suedbahnhofmarkt","tag-tribuene-linz"],"share_on_mastodon":{"url":"https:\/\/pubeurope.com\/@at\/117215330715146631","error":""},"_links":{"self":[{"href":"https:\/\/www.europesays.com\/at\/wp-json\/wp\/v2\/posts\/376051","targetHints":{"allow":["GET"]}}],"collection":[{"href":"https:\/\/www.europesays.com\/at\/wp-json\/wp\/v2\/posts"}],"about":[{"href":"https:\/\/www.europesays.com\/at\/wp-json\/wp\/v2\/types\/post"}],"author":[{"embeddable":true,"href":"https:\/\/www.europesays.com\/at\/wp-json\/wp\/v2\/users\/2"}],"replies":[{"embeddable":true,"href":"https:\/\/www.europesays.com\/at\/wp-json\/wp\/v2\/comments?post=376051"}],"version-history":[{"count":0,"href":"https:\/\/www.europesays.com\/at\/wp-json\/wp\/v2\/posts\/376051\/revisions"}],"wp:featuredmedia":[{"embeddable":true,"href":"https:\/\/www.europesays.com\/at\/wp-json\/wp\/v2\/media\/376052"}],"wp:attachment":[{"href":"https:\/\/www.europesays.com\/at\/wp-json\/wp\/v2\/media?parent=376051"}],"wp:term":[{"taxonomy":"category","embeddable":true,"href":"https:\/\/www.europesays.com\/at\/wp-json\/wp\/v2\/categories?post=376051"},{"taxonomy":"post_tag","embeddable":true,"href":"https:\/\/www.europesays.com\/at\/wp-json\/wp\/v2\/tags?post=376051"}],"curies":[{"name":"wp","href":"https:\/\/api.w.org\/{rel}","templated":true}]}}