{"id":376063,"date":"2026-09-04T23:28:10","date_gmt":"2026-09-04T23:28:10","guid":{"rendered":"https:\/\/www.europesays.com\/at\/376063\/"},"modified":"2026-09-04T23:28:10","modified_gmt":"2026-09-04T23:28:10","slug":"oefb-verliert-torwart-salko-hamzic-an-bosnien","status":"publish","type":"post","link":"https:\/\/www.europesays.com\/at\/376063\/","title":{"rendered":"\u00d6FB verliert Torwart Salko Hamzic an Bosnien"},"content":{"rendered":"<p>Dem \u00d6FB scheint einmal mehr ein Talent abhanden zu kommen.<\/p>\n<p>Torh\u00fcter <a href=\"https:\/\/www.laola1.at\/de\/daten\/news\/salko-hamzic\/\" class=\"tag\" rel=\"nofollow noopener\" target=\"_blank\">Salko Hamzic<\/a> &#8211; er ist \u00f6sterreichisch-bosnischer Doppelstaatsb\u00fcrger &#8211; d\u00fcrfte sich gegen den \u00d6FB und f\u00fcr Bosnien entschieden haben. Das deutet der 19-J\u00e4hrige im <a target=\"_self\" rel=\"noopener noreferrer nofollow\" href=\"https:\/\/www.90minuten.at\/de\/red\/magazin\/interview\/wsg-keeper-salko-hamzic--sehe-mich-spaeter-in-der-premier-league-\/\">Interview mit 90minuten<\/a> an.<\/p>\n<p>&#8222;Ich habe in den letzten Wochen mit dem bosnischen Nationalteam kommuniziert. Wir haben \u00fcber die Zukunft gesprochen. Ehrlicherweise hat mich das schon sehr \u00fcberzeugt&#8220;, erkl\u00e4rt der Torh\u00fcter.<\/p>\n<p>&#8222;Ich m\u00f6chte nicht, dass es als Entscheidung gegen den \u00d6FB verstanden wird. Grunds\u00e4tzlich habe ich Bosnien aber gesagt, dass ich gerne dabei w\u00e4re, wenn sie mich einladen. Es hat sich damals komplett richtig angef\u00fchlt, mich f\u00fcr \u00d6sterreich zu entscheiden. Genauso f\u00fchlt sich aber auch diese Entscheidung jetzt richtig an.&#8220;<\/p>\n<p>Staatsb\u00fcrgerschaft nach Rangnicks Perspektivspielerlehrgang<\/p>\n<p>Hamzic hat im Alter von 14 Jahren f\u00fcr die AKA U18 der Roten Bullen deb\u00fctiert, kurz vor seinem 17. Geburtstag ist er erstmals in LigaZwa f\u00fcr die &#8222;Jungbullen&#8220; zwischen den Pfosten gestanden und hat insgesamt 27 Spiele f\u00fcr Liefering bestritten. In diesem Sommer erfolgte der Wechsel zur <a href=\"https:\/\/www.laola1.at\/de\/daten\/news\/fussball\/wsg-tirol\/\" class=\"tag\" rel=\"nofollow noopener\" target=\"_blank\">WSG Tirol<\/a>.<\/p>\n<p>Der geb\u00fcrtige Salzburger war 2023 Teil des Perspektivspielerlehrganges von <a href=\"https:\/\/www.laola1.at\/de\/daten\/news\/ralf-rangnick\/\" class=\"tag\" rel=\"nofollow noopener\" target=\"_blank\">Ralf Rangnick<\/a>, hat danach die \u00f6sterreichische Staatsb\u00fcrgerschaft erhalten und ist seitdem f\u00fcr die U18 (drei Spiele) und U19 (neun Spiele) aufgelaufen.<\/p>\n<p>Davor ist er bereits bei einem Nachwuchslehrgang von Bosnien und Herzegowina geweilt. In der U21 hat bisher jedoch Salzburg-Youngster Christian Zawieschitzky den Vorzug erhalten.<\/p>\n<p>Mit \u00d6FB-Teamchef Rangnick hatte der WSG-Schlussmann in letzter Zeit nach eigenen Angaben keinen Kontakt.<\/p>\n<p>Hamzic ist auf Gegenwind eingestellt<\/p>\n<p>Dass seine Entscheidung gegen den \u00d6FB und f\u00fcr Bosnien nicht \u00fcberall auf Verst\u00e4ndnis sto\u00dfen wird, darauf ist Hamzic eingestellt.<\/p>\n<p>&#8222;Mir ist bewusst, dass etwas auf mich zukommen kann. Das geh\u00f6rt zu diesem Schritt dazu. Ich denke aber, dass es wichtig ist, solche Entscheidungen klar auszusprechen&#8220;, so der 19-J\u00e4hrige.<\/p>\n<p>Hamzic er\u00f6rtert, warum er sich letztlich f\u00fcr Bosnien entschieden hat:<\/p>\n<p>&#8222;F\u00fcr mich war die Frage, wo meine Perspektive besser ist, was ich in einem Nationalteam erreichen kann\u00a0und wo ich mich f\u00fcr die Zukunft besser aufgehoben f\u00fchle. Es war, wie gesagt, keine Entscheidung gegen den \u00d6FB, sondern f\u00fcr Bosnien, wo ich meine Wurzeln habe. Hinter meinen Beweggr\u00fcnden stehe ich. Ich sch\u00e4tze die Arbeit sehr, die dort geleistet wird. F\u00fcr die Wertsch\u00e4tzung, die ich in den letzten Jahren bekommen habe, bin ich dankbar. Die gemeinsame Zeit werde ich gut in Erinnerung behalten.&#8220;<\/p>\n<p>Der Torh\u00fcter ist nicht das erste Talent, das dem \u00d6FB abhandenkommt. Zuvor haben sich unter anderen bereits <a href=\"https:\/\/www.laola1.at\/de\/daten\/news\/jusuf-gazibegovic\/\" class=\"tag\" rel=\"nofollow noopener\" target=\"_blank\">Jusuf Gazibegovic<\/a>, <a href=\"https:\/\/www.laola1.at\/de\/daten\/news\/emir-karic\/\" class=\"tag\" rel=\"nofollow noopener\" target=\"_blank\">Emir Karic<\/a>, <a href=\"https:\/\/www.laola1.at\/de\/daten\/news\/amar-dedic\/\" class=\"tag\" rel=\"nofollow noopener\" target=\"_blank\">Amar Dedic<\/a> und Ermin Mahmic gegen \u00d6sterreich entschieden.<\/p>\n","protected":false},"excerpt":{"rendered":"Dem \u00d6FB scheint einmal mehr ein Talent abhanden zu kommen. Torh\u00fcter Salko Hamzic &#8211; er ist \u00f6sterreichisch-bosnischer Doppelstaatsb\u00fcrger&hellip;\n","protected":false},"author":2,"featured_media":376064,"comment_status":"","ping_status":"","sticky":false,"template":"","format":"standard","meta":{"footnotes":"","_share_on_mastodon":"0"},"categories":[18],"tags":[1069,46,42,26960,964,7902,10390,7516,29824,44,16384,66927,93611,109,108,29826,2278],"class_list":["post-376063","post","type-post","status-publish","format-standard","has-post-thumbnail","category-sport","tag-admiral-bundesliga","tag-at","tag-austria","tag-bosnien-herzegowina","tag-fussball","tag-laola1","tag-oefb","tag-oefb-team","tag-oefb-u19","tag-oesterreich","tag-ralf-rangnick","tag-salko-hamzic","tag-sergej-barbarez","tag-sport","tag-sports","tag-u19-nationalteam","tag-wsg-tirol"],"share_on_mastodon":{"url":"https:\/\/pubeurope.com\/@at\/117215369798349873","error":""},"_links":{"self":[{"href":"https:\/\/www.europesays.com\/at\/wp-json\/wp\/v2\/posts\/376063","targetHints":{"allow":["GET"]}}],"collection":[{"href":"https:\/\/www.europesays.com\/at\/wp-json\/wp\/v2\/posts"}],"about":[{"href":"https:\/\/www.europesays.com\/at\/wp-json\/wp\/v2\/types\/post"}],"author":[{"embeddable":true,"href":"https:\/\/www.europesays.com\/at\/wp-json\/wp\/v2\/users\/2"}],"replies":[{"embeddable":true,"href":"https:\/\/www.europesays.com\/at\/wp-json\/wp\/v2\/comments?post=376063"}],"version-history":[{"count":0,"href":"https:\/\/www.europesays.com\/at\/wp-json\/wp\/v2\/posts\/376063\/revisions"}],"wp:featuredmedia":[{"embeddable":true,"href":"https:\/\/www.europesays.com\/at\/wp-json\/wp\/v2\/media\/376064"}],"wp:attachment":[{"href":"https:\/\/www.europesays.com\/at\/wp-json\/wp\/v2\/media?parent=376063"}],"wp:term":[{"taxonomy":"category","embeddable":true,"href":"https:\/\/www.europesays.com\/at\/wp-json\/wp\/v2\/categories?post=376063"},{"taxonomy":"post_tag","embeddable":true,"href":"https:\/\/www.europesays.com\/at\/wp-json\/wp\/v2\/tags?post=376063"}],"curies":[{"name":"wp","href":"https:\/\/api.w.org\/{rel}","templated":true}]}}