{"id":376119,"date":"2026-09-05T00:21:16","date_gmt":"2026-09-05T00:21:16","guid":{"rendered":"https:\/\/www.europesays.com\/at\/376119\/"},"modified":"2026-09-05T00:21:16","modified_gmt":"2026-09-05T00:21:16","slug":"imminence-die-review-zum-neuen-album-auf-metal-de","status":"publish","type":"post","link":"https:\/\/www.europesays.com\/at\/376119\/","title":{"rendered":"Imminence \u2022 die Review zum neuen Album auf metal.de"},"content":{"rendered":"<p>AEVERIS kommen aus Belgien und spielen Metalcore mit leicht progressivem Einschlag. Mit \u201eImminence\u201c ver\u00f6ffentlicht die Gruppe ihr zweites Album. Nach dem Deb\u00fct \u201eWhite Elephant\u201c von 2021 hatte die Band diverse Line-Up-Wechsel zu verkraften und ist nun mit neuem S\u00e4nger und Gitarristen zur\u00fcck. Das Album ist in zwei Akte aufgeteilt, die bereits im Vorfeld digital ver\u00f6ffentlicht wurden. Das komplette Werk gibt es auch physisch im schmucken Digipak.<\/p>\n<p>AEVERIS \u2013 viel Tumult um eine junge Band<\/p>\n<p>Manchmal dauert es eine Weile, bis sich ein stabiles Line-Up gefunden hat. Wir kennen das Deb\u00fct von AEVERIS nicht, aber die neuen Musiker machen auf \u201eImminence\u201c einen guten Job. S\u00e4nger Wouter van Kerschaver hat bei der belgischen Ausgabe von \u201eThe Voice\u201c mitgemacht und beherrscht sowohl vern\u00fcnftige Shouts als auch klaren Gesang. Das Riffing geht \u00fcber den Metalcore-Standard hinaus und liefert immer wieder nette Leads und flinke Passagen, die genauer hinh\u00f6ren lassen.<\/p>\n<p>Der leicht progressive Ansatz der Belgier erinnert ein wenig an <a href=\"https:\/\/www.metal.de\/bands\/mendeed-99647\/\" rel=\"nofollow noopener\" target=\"_blank\">MENDEED<\/a> \u2013 kennt die noch wer? Besonders deutlich wird er in \u201eAnd Then There Were None\u201c, das keinem klassischen Songaufbau folgt und auch nicht das typische \u201eStrophe geschrien \u2013 Refrain gesungen\u201c-Schema verwendet. Stattdessen kommt der Song emotional und gleichzeitig brutal daher. Auch der Gitarrensound erinnert an die viel zu fr\u00fch aufgel\u00f6ste britische Band.<\/p>\n<p>Am meisten dreht \u201eImminence\u201c in der zweiten H\u00e4lfte auf. Die ersten Lieder sind ebenfalls gut, aber eher Standardkost im Vergleich zu dem, was der zweite Akt zu bieten hat. Dort finden sich \u00fcberwiegend Highlights.<\/p>\n<p>Die Produktion des Albums ist nicht ganz so krachend, wie man es von Genrekollegen kennt, sondern lehnt sich st\u00e4rker an schwedisch gepr\u00e4gten Melo-Death an. Sie ist jedoch professionell, und der Klang \u00fcberzeugt.<\/p>\n<p>\u201eImminence\u201c ist ein guter Start<\/p>\n<p>Mit ihrem neuen Album liefern AEVERIS eine runde Sache ab. Die Eigenproduktion hat viele St\u00e4rken und wenige Schw\u00e4chen, sodass man sie Metalcore-Fans und Freunden modernen Metals empfehlen kann.<\/p>\n","protected":false},"excerpt":{"rendered":"AEVERIS kommen aus Belgien und spielen Metalcore mit leicht progressivem Einschlag. Mit \u201eImminence\u201c ver\u00f6ffentlicht die Gruppe ihr zweites&hellip;\n","protected":false},"author":2,"featured_media":376120,"comment_status":"","ping_status":"","sticky":false,"template":"","format":"standard","meta":{"footnotes":"","_share_on_mastodon":"0"},"categories":[24],"tags":[46,42,147,153,154,44,148],"class_list":["post-376119","post","type-post","status-publish","format-standard","has-post-thumbnail","category-musik","tag-at","tag-austria","tag-entertainment","tag-music","tag-musik","tag-oesterreich","tag-unterhaltung"],"share_on_mastodon":{"url":"https:\/\/pubeurope.com\/@at\/117215578207226325","error":""},"_links":{"self":[{"href":"https:\/\/www.europesays.com\/at\/wp-json\/wp\/v2\/posts\/376119","targetHints":{"allow":["GET"]}}],"collection":[{"href":"https:\/\/www.europesays.com\/at\/wp-json\/wp\/v2\/posts"}],"about":[{"href":"https:\/\/www.europesays.com\/at\/wp-json\/wp\/v2\/types\/post"}],"author":[{"embeddable":true,"href":"https:\/\/www.europesays.com\/at\/wp-json\/wp\/v2\/users\/2"}],"replies":[{"embeddable":true,"href":"https:\/\/www.europesays.com\/at\/wp-json\/wp\/v2\/comments?post=376119"}],"version-history":[{"count":0,"href":"https:\/\/www.europesays.com\/at\/wp-json\/wp\/v2\/posts\/376119\/revisions"}],"wp:featuredmedia":[{"embeddable":true,"href":"https:\/\/www.europesays.com\/at\/wp-json\/wp\/v2\/media\/376120"}],"wp:attachment":[{"href":"https:\/\/www.europesays.com\/at\/wp-json\/wp\/v2\/media?parent=376119"}],"wp:term":[{"taxonomy":"category","embeddable":true,"href":"https:\/\/www.europesays.com\/at\/wp-json\/wp\/v2\/categories?post=376119"},{"taxonomy":"post_tag","embeddable":true,"href":"https:\/\/www.europesays.com\/at\/wp-json\/wp\/v2\/tags?post=376119"}],"curies":[{"name":"wp","href":"https:\/\/api.w.org\/{rel}","templated":true}]}}