{"id":376139,"date":"2026-09-05T00:40:20","date_gmt":"2026-09-05T00:40:20","guid":{"rendered":"https:\/\/www.europesays.com\/at\/376139\/"},"modified":"2026-09-05T00:40:20","modified_gmt":"2026-09-05T00:40:20","slug":"james-blunt-kommt-nach-nuernberg-kuenstler-ist-bald-mit-neuer-musik-in-europa-unterwegs-2","status":"publish","type":"post","link":"https:\/\/www.europesays.com\/at\/376139\/","title":{"rendered":"James Blunt kommt nach N\u00fcrnberg: K\u00fcnstler ist bald mit neuer Musik in Europa unterwegs"},"content":{"rendered":"<p>                                &#8211;                                Nach Johnny Depp und Alice Cooper kommt der n\u00e4chste Mega-Star nach N\u00fcrnberg. James Blunt hat neben seiner neuen Musik auch gro\u00dfe Gef\u00fchle im Gep\u00e4ck.<\/p>\n<p>                James Blunt hat eine ungew\u00f6hnliche Karriere hinter sich. Nachdem er 2002 das Milit\u00e4r verlassen hatte, wo er zuvor als Unteroffizier gedient hatte, ver\u00f6ffentlichte er 2004 sein erstes Album, das durch die Decke ging. \u201eBack To Bedlam\u201c war laut seiner pers\u00f6nlichen Webseite das meistverkaufte Album des Jahrzehnts im Vereinigten K\u00f6nigreich.<\/p>\n<p>Von diesem Album stammen auch seine mitunter bekanntesten Songs \u201eYou\u2019re Beautiful\u201c oder \u201eGoodbye my Lover\u201c. Seit \u00fcber 22 Jahren hat er sein Leben der Musik verschrieben \u2013 und er bleibt dabei: 2027 startet er die neue Tour \u201eAirplane Mode\u201c.<\/p>\n<p>Der britische Singer-Songwriter spielt seine Shows europaweit in verschiedenen St\u00e4dten. Sein erstes Konzert in Deutschland im Rahmen der Tour wird der Brite in N\u00fcrnberg in der PSD\u2011Bank-N\u00fcrnberg-Arena geben. Allerdings findet das Konzert unter der Woche am Dienstag, den 23. Februar 2027, um 20 Uhr statt \u2013 ein Termin, der f\u00fcr Berufst\u00e4tige m\u00f6glicherweise schwierig wahrzunehmen ist.<\/p>\n<p>Der K\u00fcnstler selbst berichtet \u00fcber sich: \u201eIrgendwo auf dem Weg habe ich mich verloren, aber in einem Studio in Banbury wiedergefunden.\u201c In besagten Pig-Music-Studios entstand laut der Pressemitteilung des Veranstalters Konzertwerk ein Gro\u00dfteil seiner neuen Musik. Denn passend zur \u201eAirplane Mode Tour\u201c soll am 6. November auch das gleichnamige Album erscheinen. Wer sich noch unschl\u00fcssig ist, ob sich die Tickets zum neuen Tour-Album auch lohnen, kann schon einmal in zwei Songs reinschnuppern. \u201eTastes Like Summer\u201c und \u201eWeight Of It All\u201c sind bereits ver\u00f6ffentlicht.<\/p>\n","protected":false},"excerpt":{"rendered":"&#8211; Nach Johnny Depp und Alice Cooper kommt der n\u00e4chste Mega-Star nach N\u00fcrnberg. James Blunt hat neben seiner&hellip;\n","protected":false},"author":2,"featured_media":376140,"comment_status":"","ping_status":"","sticky":false,"template":"","format":"standard","meta":{"footnotes":"","_share_on_mastodon":"0"},"categories":[24],"tags":[46,42,147,153,154,44,148],"class_list":["post-376139","post","type-post","status-publish","format-standard","has-post-thumbnail","category-musik","tag-at","tag-austria","tag-entertainment","tag-music","tag-musik","tag-oesterreich","tag-unterhaltung"],"share_on_mastodon":{"url":"https:\/\/pubeurope.com\/@at\/117215653120379244","error":""},"_links":{"self":[{"href":"https:\/\/www.europesays.com\/at\/wp-json\/wp\/v2\/posts\/376139","targetHints":{"allow":["GET"]}}],"collection":[{"href":"https:\/\/www.europesays.com\/at\/wp-json\/wp\/v2\/posts"}],"about":[{"href":"https:\/\/www.europesays.com\/at\/wp-json\/wp\/v2\/types\/post"}],"author":[{"embeddable":true,"href":"https:\/\/www.europesays.com\/at\/wp-json\/wp\/v2\/users\/2"}],"replies":[{"embeddable":true,"href":"https:\/\/www.europesays.com\/at\/wp-json\/wp\/v2\/comments?post=376139"}],"version-history":[{"count":0,"href":"https:\/\/www.europesays.com\/at\/wp-json\/wp\/v2\/posts\/376139\/revisions"}],"wp:featuredmedia":[{"embeddable":true,"href":"https:\/\/www.europesays.com\/at\/wp-json\/wp\/v2\/media\/376140"}],"wp:attachment":[{"href":"https:\/\/www.europesays.com\/at\/wp-json\/wp\/v2\/media?parent=376139"}],"wp:term":[{"taxonomy":"category","embeddable":true,"href":"https:\/\/www.europesays.com\/at\/wp-json\/wp\/v2\/categories?post=376139"},{"taxonomy":"post_tag","embeddable":true,"href":"https:\/\/www.europesays.com\/at\/wp-json\/wp\/v2\/tags?post=376139"}],"curies":[{"name":"wp","href":"https:\/\/api.w.org\/{rel}","templated":true}]}}