{"id":376161,"date":"2026-09-05T00:59:20","date_gmt":"2026-09-05T00:59:20","guid":{"rendered":"https:\/\/www.europesays.com\/at\/376161\/"},"modified":"2026-09-05T00:59:20","modified_gmt":"2026-09-05T00:59:20","slug":"grosse-emotionen-ariana-grande-verabschiedet-sich-von-fans","status":"publish","type":"post","link":"https:\/\/www.europesays.com\/at\/376161\/","title":{"rendered":"Gro\u00dfe Emotionen: Ariana Grande verabschiedet sich von Fans"},"content":{"rendered":"<p class=\"spanFix xcq0f20 xklk4pu xx4bnbn x1qlqyl8 xyamk6z\" style=\"order:0\"><a target=\"_self\" data-google-interstitial=\"true\" href=\"https:\/\/www.promiflash.de\/thema\/ariana-grande\/\" rel=\"nofollow noopener\">Ariana Grande<\/a> (33) hat sich am Dienstagabend unter Tr\u00e4nen von ihren Fans verabschiedet. Nach dem letzten Konzert ihrer &#8222;Eternal Sunshine Tour&#8220; in der Londoner O2 Arena wurde die S\u00e4ngerin und Schauspielerin sichtlich emotional. Der Auftritt war f\u00fcr die 33-J\u00e4hrige nicht nur das Ende ihrer Tour, sondern vorerst auch ihr Abschied aus der \u00d6ffentlichkeit. Nach Jahren voller Studioarbeit, Filmdrehs und Promotionterminen zieht sich die Musikerin und Schauspielerin nun auf unbestimmte Zeit aus der \u00d6ffentlichkeit zur\u00fcck. F\u00fcr Ariana ist das Ende der Tour aber weit mehr als nur eine berufliche Auszeit: Es ist ein wichtiger Schritt auf einer langen pers\u00f6nlichen Heilungsreise. Ausgangspunkt vieler seelischer Belastungen war der Anschlag in Manchester im Mai 2017. Dabei starben 22 Menschen, mehr als 1.000 weitere wurden verletzt. Ariana litt danach unter starken Schwindelanf\u00e4llen, Atemnot und Panikattacken. Schlie\u00dflich wurde bei ihr eine posttraumatische Belastungsst\u00f6rung diagnostiziert.<\/p>\n<p class=\"spanFix xcq0f20 xklk4pu xx4bnbn x1qlqyl8 xyamk6z\" style=\"order:3\">\u00dcber ihre vorsichtige R\u00fcckkehr auf die B\u00fchne sprach Ariana im Podcast &#8222;Awards Chatter&#8220;: &#8222;Ich habe einfach in kleinen Schritten daran gearbeitet, meine Beziehung zur Musik und zum Touren zu heilen. Ich glaube, das war zuvor mit einigen Traumata verbunden, und ich sp\u00fcre, wie diese sich aufl\u00f6sen \u2013 das ist etwas au\u00dferordentlich Sch\u00f6nes.&#8220; Dabei waren vor allem Therapie und Musik wichtige St\u00fctzen ihrer Genesung. &#8222;Ich habe so viel Therapie gemacht und mich mit PTBS und allen m\u00f6glichen Formen von Trauer, Depressionen und Angstzust\u00e4nden auseinandergesetzt&#8220;, erkl\u00e4rte sie. Musik habe als Teil dieser Heilung &#8222;definitiv dazu beigetragen, mein Leben zu retten&#8220;. Ein weiterer <a target=\"_self\" data-google-interstitial=\"true\" href=\"https:\/\/www.promiflash.de\/news\/2025\/12\/10\/selten-ariana-grande-erinnert-an-ex-freund-mac-miller-26.html\" rel=\"nofollow noopener\">schwerer Verlust<\/a> folgte 2018 mit dem Tod ihres Exfreundes <a target=\"_self\" data-google-interstitial=\"true\" href=\"https:\/\/www.promiflash.de\/thema\/mac-miller\/\" rel=\"nofollow noopener\">Mac Miller<\/a> (\u202026). Ihre Trauer floss in das Album &#8222;Thank U, Next&#8220;, das sie innerhalb von zwei Wochen schrieb und sp\u00e4ter als heilend und befreiend empfand.<\/p>\n<p class=\"spanFix xcq0f20 xklk4pu xx4bnbn x1qlqyl8 xyamk6z\" style=\"order:6\">Professionelle Hilfe ist f\u00fcr Ariana ohnehin kein Neuland: Bereits seit der Scheidung ihrer Eltern in ihrer Kindheit ist sie in Therapie. Immer wieder spricht sie offen dar\u00fcber, wie viel ihr Unterst\u00fctzung, ein verl\u00e4ssliches Umfeld und klare pers\u00f6nliche Grenzen bedeuten. Zuletzt hatte vor allem die endlose \u00f6ffentliche Debatte \u00fcber ihr Aussehen f\u00fcr zus\u00e4tzlichen Druck gesorgt. Noch vor dem Tourabschluss k\u00fcndigte ihr Team deshalb eine &#8222;wohlverdiente Pause&#8220; von \u00f6ffentlichen Terminen und Auftritten an. Als Begr\u00fcndung verwies es auf die anhaltende und scheinbar endlose Beobachtung <a target=\"_self\" data-google-interstitial=\"true\" href=\"https:\/\/www.promiflash.de\/news\/2026\/08\/09\/frankie-grande-verweigert-kamu-den-kontakt-zu-ariana-grande.html\" rel=\"nofollow noopener\">ihrer Person<\/a>. Nach ihrem emotionalen Tourfinale kann Ariana den angek\u00fcndigten R\u00fcckzug nun antreten und ihre weitere Heilung abseits des Rampenlichts fortsetzen.<\/p>\n<p><img class=\"x13vifvy x10l6tqk x5yr21d xh8yej3 xl1xv1r\" alt=\"Ariana Grande auf der B\u00fchne im Madison Square Garden, New York, 20. M\u00e4rz 2015\" width=\"854\" height=\"480\" decoding=\"async\"  loading=\"lazy\" style=\"background-size:cover;background-position:50% 50%;background-repeat:no-repeat;background-image:url(&quot;data:image\/svg+xml;charset=utf-8,%3Csvg xmlns='http:\/\/www.w3.org\/2000\/svg' viewBox='0 0 640 640'%3E%3Cfilter id='b' color-interpolation-filters='sRGB'%3E%3CfeGaussianBlur stdDeviation='20'\/%3E%3CfeColorMatrix values='1 0 0 0 0 0 1 0 0 0 0 0 1 0 0 0 0 0 100 -1' result='s'\/%3E%3CfeFlood x='0' y='0' width='100%25' height='100%25'\/%3E%3CfeComposite operator='out' in='s'\/%3E%3CfeComposite in2='SourceGraphic'\/%3E%3CfeGaussianBlur stdDeviation='20'\/%3E%3C\/filter%3E%3Cimage width='100%25' height='100%25' x='0' y='0' preserveAspectRatio='none' style='filter: url(%23b);' href='data:image\/png;base64,iVBORw0KGgoAAAANSUhEUgAAABAAAAAQCAYAAAAf8\/9hAAAEG0lEQVR4AQEQBO\/7ACIDAP8fBQD\/FQoe\/wYSN\/8FGkj\/GiNU\/y8qWv9CMFv\/UDRZ\/1g2U\/9aNEv\/VTBD\/0goO\/8vHDb\/AAc0\/wAAM\/8AIwcA\/yAIAP8VDBv\/BRI1\/wIZRv8YIVL\/LilY\/0EvWv9PNFf\/WDZR\/1o1Sv9VMEH\/SCk6\/y8cNf8ACDL\/AAAx\/wAmEAD\/Ig8A\/xcQFP8DEjD\/ABdB\/xIeTf8rJlP\/Py1U\/04zUv9XNk3\/WjZG\/1UyPv9IKjf\/MB4y\/wAJMP8AAC\/\/ACkYAP8lFwD\/GRQO\/wESK\/8AEzz\/CRlH\/yciTf89K0\/\/TTJN\/1c2SP9aN0L\/VjQ7\/0ktNf8xITH\/AAwu\/wAALv8ALCAA\/ygeAP8cGRT\/BBQs\/wARO\/8FFUX\/JR9L\/zwpTP9NMkv\/VzhH\/1s6Qf9XNzv\/SjA3\/zIkNP8AEDP\/AAAz\/wAvJgb\/KyQS\/yAeJf8MFzb\/ABFD\/w0TS\/8pHVD\/PilR\/08zUP9ZOUz\/XTxH\/1k6Qv9NMz\/\/NSc+\/wAVPv8AAD7\/ADEqKP8uKC7\/JCM6\/xYbRv8OFVH\/HBdZ\/zAgXf9EK17\/UzVc\/108V\/9gP1L\/XD1O\/083TP85K0z\/BxpN\/wAATv8AMiw\/\/y8rQ\/8oJk3\/ICBZ\/x8cY\/8pHmv\/OiZu\/0svbv9YOGv\/YT9m\/2NBYf9fP13\/Ujlb\/z0uXP8VH17\/AAxg\/wAxLlD\/MCxU\/yspXv8oJmr\/KyR1\/zUmfP9ELYD\/UjV\/\/148fP9lQXb\/ZkNw\/2FBbP9VO2r\/QDFr\/x8kbf8AFm\/\/ADAuX\/8wLWP\/Lixt\/y8ref80K4T\/Py+L\/0w0j\/9YOo7\/YkCK\/2dEhP9oRX7\/YkJ5\/1Y8d\/9DM3j\/Jil7\/wAeff8ALy1p\/y8tbf8wLnf\/NC+E\/zsyj\/9FNpf\/UTqa\/1w\/mv9kQ5X\/aEWP\/2hFif9iQoT\/Vj2C\/0Q1gv8rLIX\/ACSH\/wAuLXH\/Li11\/zEvf\/82Mov\/PjeW\/0k7nv9TQKL\/XEOh\/2NGnf9nRpf\/ZkWQ\/2BCi\/9UPYn\/RDaJ\/y4vi\/8SKY3\/ACwsdf8uLXn\/MTCD\/zc1j\/9AOpr\/ST+i\/1NDpv9bRqb\/YUei\/2NHm\/9iRJX\/XEGQ\/1E8jf9DNo3\/MDGP\/xstkf8AKyt4\/y0te\/8xMYX\/NzeQ\/z89m\/9IQqP\/UEan\/1dIp\/9cSKP\/Xkad\/1xDl\/9XP5L\/TTuP\/0A2j\/8xMpD\/IS+S\/wArKnj\/LCx8\/zAyhf82OJD\/PT+b\/0VEov9NR6b\/U0im\/1dIo\/9ZRp3\/V0KX\/1I+kv9JOpD\/PjaP\/zEykP8kMJH\/ACsqeP8sLHz\/LzKE\/zU5j\/88P5n\/Q0Wh\/0pIpf9PSaX\/U0ii\/1RFnf9TQZf\/Tj2S\/0Y5j\/88NY7\/MDOP\/yYxkP9Cp8iClpLiDgAAAABJRU5ErkJggg=='\/%3E%3C\/svg%3E&quot;)\" src=\"https:\/\/www.europesays.com\/at\/wp-content\/uploads\/2026\/09\/ariana-grande-performt-im-madison-square-garden-in-new-york-am-20-maerz-2015-traegt-ein-schwarzes-bu.jpeg\" fetchpriority=\"auto\"\/>Getty Images<img decoding=\"async\" alt=\"Bilder Gallerie Button\" class=\"x10l6tqk x1l3r47z xmnqija x1fxk84t x1dnml7z x11xpdln x1d8287x x3oybdh x16gas18\" src=\"https:\/\/www.europesays.com\/at\/wp-content\/uploads\/2026\/09\/1788569959_291_galerie_button.png\" loading=\"lazy\"\/>Ariana Grande auf der B\u00fchne im Madison Square Garden, New York, 20. M\u00e4rz 2015<img class=\"x13vifvy x10l6tqk x5yr21d xh8yej3 xl1xv1r\" alt=\"Mac Miller und Ariana Grande, 2017\" width=\"854\" height=\"480\" decoding=\"async\"  loading=\"lazy\" style=\"background-size:cover;background-position:50% 50%;background-repeat:no-repeat;background-image:url(&quot;data:image\/svg+xml;charset=utf-8,%3Csvg xmlns='http:\/\/www.w3.org\/2000\/svg' viewBox='0 0 640 640'%3E%3Cfilter id='b' color-interpolation-filters='sRGB'%3E%3CfeGaussianBlur stdDeviation='20'\/%3E%3CfeColorMatrix values='1 0 0 0 0 0 1 0 0 0 0 0 1 0 0 0 0 0 100 -1' result='s'\/%3E%3CfeFlood x='0' y='0' width='100%25' height='100%25'\/%3E%3CfeComposite operator='out' in='s'\/%3E%3CfeComposite in2='SourceGraphic'\/%3E%3CfeGaussianBlur stdDeviation='20'\/%3E%3C\/filter%3E%3Cimage width='100%25' height='100%25' x='0' y='0' preserveAspectRatio='none' style='filter: url(%23b);' href='data:image\/png;base64,iVBORw0KGgoAAAANSUhEUgAAABAAAAAQCAYAAAAf8\/9hAAAEG0lEQVR4AQEQBO\/7AMymwv\/Lo8D\/y5y6\/8qTsf\/JiKf\/yICe\/8Z8mv\/Ffpr\/w4Sd\/8GLof\/Aj6X\/vpGm\/7yPpf+6i6H\/uYSd\/7h\/mf8AxqK9\/8Wfu\/\/EmLT\/w42r\/8GCof\/Aepj\/wHeV\/797lv+\/g5v\/voug\/72Qpf+7kqb\/uI+k\/7WIn\/+zgJn\/sXmU\/wC0mLD\/s5St\/7CLpf+tfpr\/q3GO\/6pphv+raoX\/rnOL\/7KAlf+0i57\/tZKk\/7OTpf+ujaD\/qIGX\/6FzjP+bZoP\/AJiJnP+WhJj\/kHiN\/4llfv+EUm7\/g0lm\/4lSa\/+TZ3r\/nnyM\/6eNmv+rlaP\/qJWj\/6CLm\/+TeIz\/hF55\/3dCZ\/8AdniD\/3Fyff9lYG3\/U0JT\/0QPNf9EACj\/VyxB\/3FYZP+IeYH\/mI+X\/6Caof+emKH\/koqW\/3xvf\/9eQ1\/\/OgA3\/wBXbWr\/TmVi\/zBLR\/8AAAD\/AAAA\/wAAAP8AAAD\/TE1K\/3V4eP+OkpP\/mp6g\/5mcoP+JjJH\/a2pz\/zQmQP8AAAD\/AFFtXP9GZFH\/D0ck\/wAAAP8AAAD\/AAAA\/wAAAP84SjT\/b3px\/42Xkf+bpKD\/mqKf\/4qQj\/9pbWz\/Jx8k\/wAAAP8Aanlh\/2FxVv9GVyz\/ABwA\/wAAAP8AAAD\/AAAA\/0tTMP95gHD\/lZyR\/6Kpof+jqKD\/lZeQ\/3l2bf9MOyX\/AAAA\/wCLi3T\/hYRs\/3VwUP9bTgD\/PRgA\/zAAAP9JMAD\/bGNC\/4uIdv+hoZT\/ra6j\/66uo\/+koJT\/kIV2\/3NbQv9VEQD\/AKmei\/+lmYX\/mYly\/4hxUv94VyL\/cUkA\/3dXKf+JdFv\/nZF\/\/66nmP+4sqb\/urOm\/7Opm\/+llIP\/k3dg\/4NZMf8Avq+g\/7uqm\/+yno3\/pot4\/5p4Yf+TblP\/lXNb\/56Fcv+rmov\/t6ye\/7+2qv\/BuKv\/vbCi\/7Whkf+pjnn\/oHxi\/wDKu7D\/x7es\/8Ctof+2npH\/rI+B\/6aGd\/+liHn\/qpOG\/7Oilv+8sKX\/wrmu\/8S7sP\/Ctqr\/vaye\/7afjv+wk4D\/AMzCuv\/Kv7f\/xLav\/7urov+zn5b\/rJeO\/6uWjv+tnZX\/tKih\/7qzrP\/Au7P\/wr21\/8G7sf++tKj\/uque\/7ajlf8Ax8XA\/8XDvv\/AvLf\/uLKt\/7CopP+qoZ3\/qKCc\/6qlof+vran\/tbax\/7m8t\/+8vrn\/vL22\/7m4sP+2sqn\/s62j\/wC\/xsP\/vcTB\/7e+u\/+wtbP\/qK2r\/6Onpv+hpqX\/oqqp\/6ewr\/+tt7b\/sby6\/7S\/vP+0vrr\/sru2\/662sP+ss6v\/ALbFw\/+0w8H\/r769\/6i3tv+gsK\/\/m6ur\/5mpqv+brK3\/oLKz\/6a4uP+rvb3\/rb++\/62\/vP+qvLn\/p7i0\/6S1sP8KaZxNqE8KVAAAAABJRU5ErkJggg=='\/%3E%3C\/svg%3E&quot;)\" src=\"https:\/\/www.europesays.com\/at\/wp-content\/uploads\/2026\/09\/mac-miller-und-ariana-grande-performen.jpg\" fetchpriority=\"auto\"\/>Getty Images<img decoding=\"async\" alt=\"Bilder Gallerie Button\" class=\"x10l6tqk x1l3r47z xmnqija x1fxk84t x1dnml7z x11xpdln x1d8287x x3oybdh x16gas18\" src=\"https:\/\/www.europesays.com\/at\/wp-content\/uploads\/2026\/09\/1788569959_291_galerie_button.png\" loading=\"lazy\"\/>Mac Miller und Ariana Grande, 2017<img class=\"x13vifvy x10l6tqk x5yr21d xh8yej3 xl1xv1r\" alt=\"Ariana Grande beim AFI Awards Luncheon im Four Seasons Hotel Los Angeles, 9. Januar 2026\" width=\"854\" height=\"480\" decoding=\"async\"  loading=\"lazy\" style=\"background-size:cover;background-position:50% 50%;background-repeat:no-repeat;background-image:url(&quot;data:image\/svg+xml;charset=utf-8,%3Csvg xmlns='http:\/\/www.w3.org\/2000\/svg' viewBox='0 0 640 640'%3E%3Cfilter id='b' color-interpolation-filters='sRGB'%3E%3CfeGaussianBlur stdDeviation='20'\/%3E%3CfeColorMatrix values='1 0 0 0 0 0 1 0 0 0 0 0 1 0 0 0 0 0 100 -1' result='s'\/%3E%3CfeFlood x='0' y='0' width='100%25' height='100%25'\/%3E%3CfeComposite operator='out' in='s'\/%3E%3CfeComposite in2='SourceGraphic'\/%3E%3CfeGaussianBlur stdDeviation='20'\/%3E%3C\/filter%3E%3Cimage width='100%25' height='100%25' x='0' y='0' preserveAspectRatio='none' style='filter: url(%23b);' href='data:image\/png;base64,iVBORw0KGgoAAAANSUhEUgAAABAAAAAQCAYAAAAf8\/9hAAAEG0lEQVR4AQEQBO\/7AAAAAP8AAAD\/ACAd\/0Y4Qf9wTFj\/i11p\/5xrc\/+ldXj\/p3t4\/6F8c\/+UeGn\/gW1b\/2ZbSP9CQS\/\/ABMA\/wAAAP8AAAAA\/wAAAP8AIB7\/RzlB\/3BNWP+LXmj\/nWxz\/6Z2eP+nfHj\/on1z\/5V4af+CbVv\/Z1tI\/0NCL\/8AFAD\/AAAA\/wAAAAD\/AAAA\/wAiIf9JPEH\/clBX\/41iZ\/+eb3H\/p3l3\/6l+d\/+kf3L\/mHlp\/4VuW\/9qXEn\/RkIw\/wAXAP8AAAD\/AAAAAP8AAAD\/ACQl\/01AQf90VVb\/j2dm\/6F1cf+rfnb\/rYN3\/6iCdP+dfGv\/inFe\/29eTP9LRTP\/ABwC\/wAAAP8AAAAA\/wAAB\/8AKSr\/UUVD\/3dbVv+SbWb\/pHxx\/6+FeP+zinr\/r4l3\/6SDcP+SdmP\/eGRR\/1NJOP8EIQz\/AAAA\/wAAAAv\/AAUa\/xsuMP9XSkb\/e2FY\/5V0aP+pg3T\/tY58\/7qTf\/+4kn7\/rox3\/5x\/a\/+CbFr\/XVBB\/xgnGf8AAAD\/AAAAHP8AFSX\/LjU3\/11PSv9+Z1z\/mXts\/66Lef+8l4L\/w52H\/8Kdh\/+6l4H\/qIp2\/412ZP9nWUv\/JS0l\/wAAAP8AABIm\/wAhLf87Ozz\/YlRO\/4JsYf+dgXH\/s5J\/\/8Ogiv\/Mp5D\/zamR\/8WjjP+0loD\/mYBu\/3FiVf8wMzH\/AAAA\/wAAHy3\/Hyoz\/0U\/Qf9nV1P\/hm9m\/6GFd\/+4mIb\/yaeS\/9Swmf\/Ws5r\/z66W\/7+giv+jinj\/emle\/zo4O\/8AAAD\/AB4mMf8vLzf\/TEJF\/2taV\/+JcWr\/pYh9\/7ycjP\/OrJn\/2reg\/926ov\/Xtp3\/xqiS\/6qRf\/+Bb2b\/Qj1D\/wAADP8AKCcz\/zUvOf9QQ0j\/blpb\/4xybv+nioH\/v5+R\/9Kvnf\/euqX\/4b6n\/9u6ov\/KrJf\/r5WE\/4Zzav9IQEn\/AAAd\/wAoIjT\/Niw6\/1JBSv9wWV3\/jnJw\/6mKg\/\/Bn5P\/06+f\/966pv\/ivqj\/27qk\/8usmP+vlYb\/iHRt\/01CTf8AACf\/ACATM\/8xIjr\/UTxK\/3FXXv+PcXH\/qomE\/8Gdk\/\/TrZ\/\/3bel\/9+7p\/\/YtqL\/yKmW\/62Shf+Hcm3\/UUNP\/wAAL\/8ACgAy\/ykQOv9PNkr\/cVVe\/5Bvcf+rh4P\/wZuR\/9GqnP\/as6L\/27Wj\/9Ownv\/Do5P\/qY2C\/4Vua\/9TRFD\/AAA0\/wAAADH\/HAA5\/0wvSf9xUl3\/kW5w\/6uFgf\/AmI\/\/z6WZ\/9atnv\/Wr57\/zqmZ\/72cjv+kh37\/gmpp\/1VDUP8DADj\/AAAAMf8MADj\/SSlJ\/3FQXf+RbG\/\/q4SA\/7+Wjf\/Nopb\/06mb\/9Kpm\/\/Jo5X\/uZaK\/6CCe\/9\/Z2f\/VkNQ\/xsIOv+33TKAevgHmQAAAABJRU5ErkJggg=='\/%3E%3C\/svg%3E&quot;)\" src=\"https:\/\/www.europesays.com\/at\/wp-content\/uploads\/2026\/09\/ariana-grande-posiert-74.jpg\" fetchpriority=\"auto\"\/>Getty Images<img decoding=\"async\" alt=\"Bilder Gallerie Button\" class=\"x10l6tqk x1l3r47z xmnqija x1fxk84t x1dnml7z x11xpdln x1d8287x x3oybdh x16gas18\" src=\"https:\/\/www.europesays.com\/at\/wp-content\/uploads\/2026\/09\/1788569959_291_galerie_button.png\" loading=\"lazy\"\/>Ariana Grande beim AFI Awards Luncheon im Four Seasons Hotel Los Angeles, 9. Januar 2026<\/p>\n<p>Findet ihr Arianas angek\u00fcndigte Auszeit aus der \u00d6ffentlichkeit richtig?<\/p>\n<p>Ja, unbedingt \u2013 sie sollte sich alle Zeit nehmen, die sie braucht.Ich hoffe, die Pause f\u00e4llt k\u00fcrzer aus als angek\u00fcndigt.<\/p>\n","protected":false},"excerpt":{"rendered":"Ariana Grande (33) hat sich am Dienstagabend unter Tr\u00e4nen von ihren Fans verabschiedet. Nach dem letzten Konzert ihrer&hellip;\n","protected":false},"author":2,"featured_media":376162,"comment_status":"","ping_status":"","sticky":false,"template":"","format":"standard","meta":{"footnotes":"","_share_on_mastodon":"0"},"categories":[24],"tags":[46,42,147,153,154,44,148],"class_list":["post-376161","post","type-post","status-publish","format-standard","has-post-thumbnail","category-musik","tag-at","tag-austria","tag-entertainment","tag-music","tag-musik","tag-oesterreich","tag-unterhaltung"],"share_on_mastodon":{"url":"https:\/\/pubeurope.com\/@at\/117215728535369028","error":""},"_links":{"self":[{"href":"https:\/\/www.europesays.com\/at\/wp-json\/wp\/v2\/posts\/376161","targetHints":{"allow":["GET"]}}],"collection":[{"href":"https:\/\/www.europesays.com\/at\/wp-json\/wp\/v2\/posts"}],"about":[{"href":"https:\/\/www.europesays.com\/at\/wp-json\/wp\/v2\/types\/post"}],"author":[{"embeddable":true,"href":"https:\/\/www.europesays.com\/at\/wp-json\/wp\/v2\/users\/2"}],"replies":[{"embeddable":true,"href":"https:\/\/www.europesays.com\/at\/wp-json\/wp\/v2\/comments?post=376161"}],"version-history":[{"count":0,"href":"https:\/\/www.europesays.com\/at\/wp-json\/wp\/v2\/posts\/376161\/revisions"}],"wp:featuredmedia":[{"embeddable":true,"href":"https:\/\/www.europesays.com\/at\/wp-json\/wp\/v2\/media\/376162"}],"wp:attachment":[{"href":"https:\/\/www.europesays.com\/at\/wp-json\/wp\/v2\/media?parent=376161"}],"wp:term":[{"taxonomy":"category","embeddable":true,"href":"https:\/\/www.europesays.com\/at\/wp-json\/wp\/v2\/categories?post=376161"},{"taxonomy":"post_tag","embeddable":true,"href":"https:\/\/www.europesays.com\/at\/wp-json\/wp\/v2\/tags?post=376161"}],"curies":[{"name":"wp","href":"https:\/\/api.w.org\/{rel}","templated":true}]}}