{"id":376195,"date":"2026-09-05T01:27:08","date_gmt":"2026-09-05T01:27:08","guid":{"rendered":"https:\/\/www.europesays.com\/at\/376195\/"},"modified":"2026-09-05T01:27:08","modified_gmt":"2026-09-05T01:27:08","slug":"gesetz-kommt-obergrenze-fuer-fremdsprachen-in-wiens-kindergaerten-kronen-zeitung","status":"publish","type":"post","link":"https:\/\/www.europesays.com\/at\/376195\/","title":{"rendered":"Gesetz kommt &#8211; Obergrenze f\u00fcr Fremdsprachen in Wiens Kinderg\u00e4rten &#8211; Kronen Zeitung"},"content":{"rendered":"<p><a href=\"https:\/\/news.google.com\/rss\/articles\/CBMiQkFVX3lxTE9rUnl5VHBxZU9jY2Z3ejA3am5laUYweGI5Nm9ZMzQ5eERIa1dUTW9IZEM5OTlESi1vaW50dWx1N0QyZw?oc=5\" target=\"_blank\" rel=\"nofollow noopener\">Gesetz kommt &#8211; Obergrenze f\u00fcr Fremdsprachen in Wiens Kinderg\u00e4rten<\/a>&nbsp;&nbsp;Kronen Zeitung<a href=\"https:\/\/news.google.com\/rss\/articles\/CBMiTEFVX3lxTE5TRF9BTWMycXEzNmNZUk92YzgyOTZDcEVTTE1VSVlvb3B1Ym1yRnFzM3FoaHZSWlhZeURfcDRPcWZUZWFRTjhHUjVCY0o?oc=5\" target=\"_blank\" rel=\"nofollow noopener\">Schulstart: In Wien gibt es genug Lehrkr\u00e4fte<\/a>&nbsp;&nbsp;wien.ORF.at<a href=\"https:\/\/news.google.com\/rss\/articles\/CBMiqwFBVV95cUxONUl1Yll3Z3ZMUFRTMGNrNkxPMUZDeU5teGdldmtRbHg0ejFwUmRlcXM2MGM2Z1JWdmtMWmp6bjFqYnotN0k3WXdQTXcwMkFyVjhBRV9pR3BuUVZfZDlTY0NzQ28wTzFOLUtvM2s5QXdKUzc5Z3NLUHBmUEk0VEd4dE1vX3RTeHZsb01mTDZZckFwQUpZa1lFZ0F5QjlhSWdsaERPeHJyUWQzV28?oc=5\" target=\"_blank\" rel=\"nofollow noopener\">\u00d6sterreichweit fehlen kurz vor Schulstart noch 349 Lehrende<\/a>&nbsp;&nbsp;Der Standard<a href=\"https:\/\/news.google.com\/rss\/articles\/CBMipAFBVV95cUxOQjNWNmRfQXhjcTBobUp0VFM1RVNmTklraEZ5RVlmYXhweGsxZGFKRFM3Z2hYZjJUbXFNZHZoeDlOdGVKNVhZeFdwSVA1UUYxRHBmWlhHcEZ5Z1k2NDlURFdqWWdnRWFzbVdhRjB2SGRZSFU0RHJYbmZFYkRLWnhRdnFNdUQ1N1hfRmFmNC1kNTVEM1A4cEEwb2NudVJteEF2VFVCcQ?oc=5\" target=\"_blank\" rel=\"nofollow noopener\">Schule und Kindergarten: Neue Regeln, mehr Klimaanlagen<\/a>&nbsp;&nbsp;Kurier<a href=\"https:\/\/news.google.com\/rss\/articles\/CBMilAFBVV95cUxNSWVQbkRuSjZWLTM5UkFqRnJFdWJJRnJkaGNzdWkzUkp6MHRPcE94UU55MmV0ZjRJQi1nazdMRHRMTFpkNWFPSFRwMXczOFVFYzBSdy1sMDBRSERoSmNNQkE1a1ZXRUtTM2ZubUtncnhrRkdqeER5WWhqNnY0dzZRN1JlTXQ4ZXNMOXpmRVJZUlpBRWda?oc=5\" target=\"_blank\" rel=\"nofollow noopener\">Lehrermangel in Vorarlberg: Herausforderungen vor Schulstart<\/a>&nbsp;&nbsp;VOL.AT<\/p>\n","protected":false},"excerpt":{"rendered":"Gesetz kommt &#8211; Obergrenze f\u00fcr Fremdsprachen in Wiens Kinderg\u00e4rten&nbsp;&nbsp;Kronen ZeitungSchulstart: In Wien gibt es genug Lehrkr\u00e4fte&nbsp;&nbsp;wien.ORF.at\u00d6sterreichweit fehlen kurz&hellip;\n","protected":false},"author":2,"featured_media":376196,"comment_status":"","ping_status":"","sticky":false,"template":"","format":"standard","meta":{"footnotes":"","_share_on_mastodon":"0"},"categories":[6],"tags":[23091,46,42,15293,94079,41357,15294,12428,44,43,45,60338],"class_list":["post-376195","post","type-post","status-publish","format-standard","has-post-thumbnail","category-oesterreich","tag-arabisch","tag-at","tag-austria","tag-bettina-emmerling","tag-deutschsprachiger","tag-elisabeth-fuchs","tag-emmerling","tag-englisch","tag-oesterreich","tag-republic-of-austria","tag-republik-oesterreich","tag-tuerkisch"],"share_on_mastodon":{"url":"https:\/\/pubeurope.com\/@at\/117215838691565576","error":""},"_links":{"self":[{"href":"https:\/\/www.europesays.com\/at\/wp-json\/wp\/v2\/posts\/376195","targetHints":{"allow":["GET"]}}],"collection":[{"href":"https:\/\/www.europesays.com\/at\/wp-json\/wp\/v2\/posts"}],"about":[{"href":"https:\/\/www.europesays.com\/at\/wp-json\/wp\/v2\/types\/post"}],"author":[{"embeddable":true,"href":"https:\/\/www.europesays.com\/at\/wp-json\/wp\/v2\/users\/2"}],"replies":[{"embeddable":true,"href":"https:\/\/www.europesays.com\/at\/wp-json\/wp\/v2\/comments?post=376195"}],"version-history":[{"count":0,"href":"https:\/\/www.europesays.com\/at\/wp-json\/wp\/v2\/posts\/376195\/revisions"}],"wp:featuredmedia":[{"embeddable":true,"href":"https:\/\/www.europesays.com\/at\/wp-json\/wp\/v2\/media\/376196"}],"wp:attachment":[{"href":"https:\/\/www.europesays.com\/at\/wp-json\/wp\/v2\/media?parent=376195"}],"wp:term":[{"taxonomy":"category","embeddable":true,"href":"https:\/\/www.europesays.com\/at\/wp-json\/wp\/v2\/categories?post=376195"},{"taxonomy":"post_tag","embeddable":true,"href":"https:\/\/www.europesays.com\/at\/wp-json\/wp\/v2\/tags?post=376195"}],"curies":[{"name":"wp","href":"https:\/\/api.w.org\/{rel}","templated":true}]}}