{"id":376213,"date":"2026-09-05T01:47:23","date_gmt":"2026-09-05T01:47:23","guid":{"rendered":"https:\/\/www.europesays.com\/at\/376213\/"},"modified":"2026-09-05T01:47:23","modified_gmt":"2026-09-05T01:47:23","slug":"lettischer-praesident-im-vatikan-mehr-engagement-fuer-den-frieden","status":"publish","type":"post","link":"https:\/\/www.europesays.com\/at\/376213\/","title":{"rendered":"Lettischer Pr\u00e4sident im Vatikan: Mehr Engagement f\u00fcr den Frieden"},"content":{"rendered":"<p>Um den Ukraine-Krieg, Friedensengagement und weitere Themen internationalen wie regionalen Interesses ging es an diesem Freitag bei einem Besuch des lettischen Pr\u00e4sidenten Edgars Rink\u0113vi\u010ds im Vatikan. Er traf den Papst und die Spitzen des Staatssekretariats. <\/p>\n<p>     <a href=\"https:\/\/www.vaticannews.va\/de\/papst\/news\/2026-09\/papst-leo-xiv-audienz-bischoefe-lateinisch-naher-osten-rom-ritus.html\" title=\"Papst: \u201eSetzt der Gewalt die Liebe entgegen\u201c\" rel=\"nofollow noopener\" target=\"_blank\"><\/p>\n<p>        <img decoding=\"async\" src=\"data:image\/gif;base64,R0lGODlhAQABAIAAAAAAAP\/\/\/yH5BAEAAAAALAAAAAABAAEAAAIBRAA7\" data-original=\"https:\/\/www.vaticannews.va\/content\/dam\/vaticannews\/agenzie\/images\/srv\/2026\/09\/03\/2026-09-03-membri-della-conferenza-episcopale-latina-delle-regio\/1788430803298.JPG\/_jcr_content\/renditions\/cq5dam.thumbnail.cropped.500.281.jpeg\" alt=\"Papst: \u201eSetzt der Gewalt die Liebe entgegen\u201c\"\/><\/p>\n<p>      <\/a><\/p>\n<p>\n      Papst Leo XIV. hat die Mitglieder der Lateinischen Bischofskonferenz der arabischen Regionen (CELRA) zu einer Audienz im Vatikan empfangen. Seiner Ansprache an die Bisch\u00f6fe, die &#8230;\n     <\/p>\n<p>Wie der Vatikan im Anschluss an die Begegnung vom Freitagvormittag <a href=\"https:\/\/press.vatican.va\/content\/salastampa\/it\/bollettino\/pubblico\/2026\/09\/04\/0694\/01294.html\" rel=\"external nofollow noopener\" target=\"_blank\">mitteilte<\/a>, ging es um \u201eThemen von gemeinsamem Interesse sowohl auf internationaler als auch auf regionaler Ebene\u201c. Insbesondere habe man \u00fcber den \u201eanhaltenden Konflikt in der Ukraine\u201c gesprochen, \u201ewobei die Notwendigkeit eines st\u00e4rkeren Engagements der internationalen Gemeinschaft zur F\u00f6rderung friedlicher L\u00f6sungen bekr\u00e4ftigt wurde\u201c.<\/p>\n<p>    <img decoding=\"async\" src=\"data:image\/gif;base64,R0lGODlhAQABAIAAAAAAAP\/\/\/yH5BAEAAAAALAAAAAABAAEAAAIBRAA7\" data-original=\"https:\/\/www.vaticannews.va\/content\/dam\/vaticannews\/agenzie\/images\/ansa\/2026\/09\/04\/11\/1788515716809.jpg\/_jcr_content\/renditions\/cq5dam.thumbnail.cropped.750.422.jpeg\" alt=\"Die Audienz im Vatikan\" title=\"Die Audienz im Vatikan\"\/><\/p>\n<p>\n   Die Audienz im Vatikan \u00a0 (ANSA)\n  <\/p>\n<p>Mehr f\u00fcr Frieden tun <\/p>\n<p>Edgars Rink\u0113vi\u010ds sei zun\u00e4chst von Papst Leo empfangen worden und habe danach mit dem vatikanischen Au\u00dfenbeauftragten Erzbischof Paul Richard Gallagher und Kardinalstaatssekret\u00e4r Parolin gesprochen. <a href=\"https:\/\/www.vaticannews.va\/de\/vatikan\/news\/2026-08\/erzbischof-gallagher-moskau-russland-krieg-ukraine-vatikan.html\" rel=\"nofollow noopener\" target=\"_blank\">Gallagher war in der vergangenen Woche noch in Moskau gewesen und hatte dort die Friedensdiplomatie des Heiligen Stuhles vertreten<\/a>. Er betonte bei seinen Gespr\u00e4chen in Moskau mehrfach, dass der Ukraine-Krieg durch Dialog und eine R\u00fcckkehr zur Diplomatie beendet werden m\u00fcsse.<\/p>\n<p>Die Gespr\u00e4che des lettischem Staatspr\u00e4sidenten im Vatikan an diesem Freitag seien herzlich gewesen, man sei zufrieden \u00fcber \u201edie guten Beziehungen\u201c zwischen dem Heiligen Stuhl und der Republik Lettland, teilte der Vatikan weiter mit.<\/p>\n<p>Sorge um eigene Sicherheit <\/p>\n<p>Lettland f\u00fcrchtet im Zuge des russischen Angriffskrieges in der Ukraine auch um die eigene Sicherheit. Der enge Verb\u00fcndete der Ukraine hatte zuletzt mehr EU-Gelder zu seinem Schutz vor Russland gefordert.<\/p>\n<p>(vatican news \u2013 pr)<\/p>\n<p>    <img decoding=\"async\" src=\"data:image\/gif;base64,R0lGODlhAQABAIAAAAAAAP\/\/\/yH5BAEAAAAALAAAAAABAAEAAAIBRAA7\" data-original=\"https:\/\/www.vaticannews.va\/content\/dam\/vaticannews\/agenzie\/images\/ansa\/2026\/09\/04\/11\/1788515714354.jpg\/_jcr_content\/renditions\/cq5dam.thumbnail.cropped.750.422.jpeg\" alt=\"Die Audienz im Staatssekretariat\" title=\"Die Audienz im Staatssekretariat\"\/><\/p>\n<p>\n   Die Audienz im Staatssekretariat \u00a0 (ANSA)\n  <\/p>\n","protected":false},"excerpt":{"rendered":"Um den Ukraine-Krieg, Friedensengagement und weitere Themen internationalen wie regionalen Interesses ging es an diesem Freitag bei einem&hellip;\n","protected":false},"author":2,"featured_media":376214,"comment_status":"","ping_status":"","sticky":false,"template":"","format":"standard","meta":{"footnotes":"","_share_on_mastodon":"0"},"categories":[8],"tags":[732,2858,1711,6650,40,41,2859,39,38,2112],"class_list":["post-376213","post","type-post","status-publish","format-standard","has-post-thumbnail","category-nachrichten","tag-ukraine","tag-audienzen","tag-frieden","tag-lettland","tag-nachrichten","tag-news","tag-papst-leo-xiv","tag-schlagzeilen","tag-top-meldungen","tag-vatikan"],"share_on_mastodon":{"url":"https:\/\/pubeurope.com\/@at\/117215916534178784","error":""},"_links":{"self":[{"href":"https:\/\/www.europesays.com\/at\/wp-json\/wp\/v2\/posts\/376213","targetHints":{"allow":["GET"]}}],"collection":[{"href":"https:\/\/www.europesays.com\/at\/wp-json\/wp\/v2\/posts"}],"about":[{"href":"https:\/\/www.europesays.com\/at\/wp-json\/wp\/v2\/types\/post"}],"author":[{"embeddable":true,"href":"https:\/\/www.europesays.com\/at\/wp-json\/wp\/v2\/users\/2"}],"replies":[{"embeddable":true,"href":"https:\/\/www.europesays.com\/at\/wp-json\/wp\/v2\/comments?post=376213"}],"version-history":[{"count":0,"href":"https:\/\/www.europesays.com\/at\/wp-json\/wp\/v2\/posts\/376213\/revisions"}],"wp:featuredmedia":[{"embeddable":true,"href":"https:\/\/www.europesays.com\/at\/wp-json\/wp\/v2\/media\/376214"}],"wp:attachment":[{"href":"https:\/\/www.europesays.com\/at\/wp-json\/wp\/v2\/media?parent=376213"}],"wp:term":[{"taxonomy":"category","embeddable":true,"href":"https:\/\/www.europesays.com\/at\/wp-json\/wp\/v2\/categories?post=376213"},{"taxonomy":"post_tag","embeddable":true,"href":"https:\/\/www.europesays.com\/at\/wp-json\/wp\/v2\/tags?post=376213"}],"curies":[{"name":"wp","href":"https:\/\/api.w.org\/{rel}","templated":true}]}}