{"id":376219,"date":"2026-09-05T01:58:14","date_gmt":"2026-09-05T01:58:14","guid":{"rendered":"https:\/\/www.europesays.com\/at\/376219\/"},"modified":"2026-09-05T01:58:14","modified_gmt":"2026-09-05T01:58:14","slug":"kendall-jenner-feiert-venedig-debuet-mit-besonderem-kleid","status":"publish","type":"post","link":"https:\/\/www.europesays.com\/at\/376219\/","title":{"rendered":"Kendall Jenner feiert Venedig-Deb\u00fct mit besonderem Kleid"},"content":{"rendered":"<p>\nPremiere auf rotem Teppich\n<\/p>\n<p><img loading=\"lazy\" decoding=\"async\" src=\"https:\/\/s.uicdn.com\/uimag\/7.12280.0\/assets\/_sn_\/module_assets\/article\/readtime.svg\" alt=\"Lesezeit\" width=\"14\" height=\"14\"\/><\/p>\n<p>Lesezeit 1 Min.<\/p>\n<p>Aktualisiert am 04.09.2026, 08:26 Uhr<\/p>\n<p><a href=\"https:\/\/i0.gmx.at\/image\/966\/42686966,pd=1\/kendall-jenner-donnerstag-premiere-wild-horse-nine.jpg\" data-brain-zone=\".42686964.content.lead.1\" data-component-path=\"content.lead.1\" data-component-name=\"article-image\" rel=\"nofollow noopener\" target=\"_blank\"> <\/p>\n<p><img loading=\"lazy\" decoding=\"async\" src=\"https:\/\/www.europesays.com\/at\/wp-content\/uploads\/2026\/09\/kendall-jenner-donnerstag-premiere-wild-horse-nine.jpg\" alt=\"Kendall Jenner am Donnerstag bei der Premiere von &quot;Wild Horse Nine&quot; in Venedig.\" width=\"950\" height=\"534\"\/><\/p>\n<p><\/a> <\/p>\n<p>\nKendall Jenner am Donnerstag bei der Premiere von &#8222;Wild Horse Nine&#8220; in Venedig.<br \/>\n\u00a9\u00a0imago images\/SOPA Images\/Mario Cartelli\n<\/p>\n<p class=\"content__description\" data-speakable=\"\">Premiere auf dem roten Teppich von Venedig: Kendall Jenner zog bei den Filmfestspielen alle Blicke auf sich. Das Model trug ein goldenes Armani-Kleid aus dem Jahr 1995 &#8211; ihrem Geburtsjahr.<\/p>\n<p data-speakable=\"\"><a data-component-name=\"link.semantic\" data-brain-zone=\".42686964.content.textlink_1\" data-component-path=\"content.textlink_1\" href=\"https:\/\/www.gmx.at\/magazine\/unterhaltung\/thema\/kendall-jenner\" rel=\"nofollow noopener\" target=\"_blank\">Kendall Jenner<\/a> (30) hat beim Filmfestival von <a data-component-name=\"link.semantic\" data-brain-zone=\".42686964.content.textlink_2\" data-component-path=\"content.textlink_2\" href=\"https:\/\/www.gmx.at\/magazine\/reise\/thema\/venedig\" rel=\"nofollow noopener\" target=\"_blank\">Venedig<\/a> f\u00fcr einen glamour\u00f6sen Auftritt gesorgt. Die US-Amerikanerin feierte ihr Deb\u00fct auf dem roten Teppich der renommierten Filmfestspiele und setzte dabei auf einen besonderen Hingucker: ein Vintage-Kleid von Giorgio Armani aus dem Jahr 1995 &#8211; ihrem Geburtsjahr.<\/p>\n<p data-speakable=\"\">Jenner besuchte am Donnerstag die Premiere von &#8222;Wild Horse Nine&#8220;, dem neuen Film von Regisseur Martin McDonagh mit <a data-component-name=\"link.semantic\" data-brain-zone=\".42686964.content.textlink_3\" data-component-path=\"content.textlink_3\" href=\"https:\/\/www.gmx.at\/magazine\/unterhaltung\/thema\/john-malkovich\" rel=\"nofollow noopener\" target=\"_blank\">John Malkovich<\/a>, Sam Rockwell, Steve Buscemi und Parker Posey. F\u00fcr ihren ersten Auftritt auf dem ber\u00fchmten Lido-Red-Carpet w\u00e4hlte das Model einen figurbetonten goldfarbenen Slip-Dress aus der Herbst-\/Winterkollektion 1995 von <a data-component-name=\"link.semantic\" data-brain-zone=\".42686964.content.textlink_4\" data-component-path=\"content.textlink_4\" href=\"https:\/\/www.gmx.at\/magazine\/unterhaltung\/thema\/giorgio-armani\" rel=\"nofollow noopener\" target=\"_blank\">Giorgio Armani<\/a>.<\/p>\n<p>Vintage-Kleid aus dem Jahr ihrer Geburt<\/p>\n<p data-speakable=\"\">Das Kleid ist mit aufwendigen floralen Stickereien, Pailletten und kleinen Kristallen verziert. Dazu kombinierte Jenner Diamantohrringe von Briony Raymond und schlichte beigefarbene High Heels von Aquazzura. Auf weiteren auff\u00e4lligen Schmuck verzichtete sie und lie\u00df das Kleid f\u00fcr sich sprechen. Ihr langes dunkles Haar trug sie offen mit einem f\u00fcr die 1990er typischen Zickzack-Scheitel.<\/p>\n<p><a href=\"https:\/\/www.gmx.at\/magazine\/unterhaltung\/stars\/schwanger-drittem-baby-kylie-jenner-geruechte-42663356\" data-brain-zone=\".42686964.content.teaser_1.1\" data-component-path=\"content.teaser_1.1\" data-component-name=\"link.editorial\" class=\"teaser teaser--horizontal\" data-block-name=\"content.teaser_1\" data-item-position=\"1\" data-item-source=\"cms\" data-article-id=\"cmd:42663356\" rel=\"nofollow noopener\" target=\"_blank\"><\/p>\n<p><img decoding=\"async\" src=\"https:\/\/www.europesays.com\/at\/wp-content\/uploads\/2026\/09\/timothee-chalamet-kylie-jenner-jahren-paar.jpg\" alt=\"\" width=\"76\" height=\"76\" loading=\"lazy\" class=\"teaser__image\"\/><\/p>\n<p>\nSchwanger mit drittem Baby?\n<\/p>\n<p>Kylie Jenner reagiert auf Ger\u00fcchte<\/p>\n<p><\/a><\/p>\n<p data-speakable=\"\">Die Wahl des Outfits kommt nicht von ungef\u00e4hr: Jenner gilt als begeisterte Anh\u00e4ngerin von Vintage-Mode und greift f\u00fcr wichtige Auftritte immer wieder auf St\u00fccke aus vergangenen Kollektionen zur\u00fcck. Auch in Venedig setzte sie damit auf den derzeit beliebten Trend, historische Designerst\u00fccke neu zu interpretieren.<\/p>\n<p>Empfehlungen der Redaktion<\/p>\n<p>Kendall Jenner ist Armani-Botschafterin<\/p>\n<p data-speakable=\"\">Der Auftritt in Venedig passt zudem zu Jenners aktueller Zusammenarbeit mit dem italienischen Modehaus. Die 30-J\u00e4hrige ist seit diesem Jahr globale Duftbotschafterin von Emporio Armani und das Gesicht des Parfums &#8222;Power of You&#8220;. Entsprechend besuchte sie das Festival auch im Rahmen ihres Engagements f\u00fcr Armani Beauty. F\u00fcr Jenner war es zugleich der erste gro\u00dfe rote Teppich seit der Met Gala im Mai.<\/p>\n<p>Empfohlenes Video<\/p>\n<p>Viel Durchblick: Sydney Sweeney erscheint in transparenter Glitzerrobe<\/p>\n<p><img loading=\"lazy\" decoding=\"async\" src=\"https:\/\/www.europesays.com\/at\/wp-content\/uploads\/2026\/09\/42689124,pd=1,f=responsive169-w950.jpg\" alt=\"\" width=\"950\" height=\"534\"\/><\/p>\n<p>\u00a9 spot on news<\/p>\n<p data-speakable=\"\">Das 83. Filmfestival von Venedig l\u00e4uft noch bis zum 12. September 2026. Der Film &#8222;Wild Horse Nine&#8220; soll in Deutschland am 12. November in die Kinos kommen. (ncz\/spot)\u00a0<br \/>\n\u00a9 1&amp;1 Mail &amp; Media\/spot on news<\/p>\n","protected":false},"excerpt":{"rendered":"Premiere auf rotem Teppich Lesezeit 1 Min. Aktualisiert am 04.09.2026, 08:26 Uhr Kendall Jenner am Donnerstag bei der&hellip;\n","protected":false},"author":2,"featured_media":376220,"comment_status":"","ping_status":"","sticky":false,"template":"","format":"standard","meta":{"footnotes":"","_share_on_mastodon":"0"},"categories":[22],"tags":[46,42,147,94081,94082,3151,41692,44,148,8421],"class_list":["post-376219","post","type-post","status-publish","format-standard","has-post-thumbnail","category-unterhaltung","tag-at","tag-austria","tag-entertainment","tag-filmfestspiel","tag-geburtsjahr","tag-giorgio-armani","tag-kendall-jenner","tag-oesterreich","tag-unterhaltung","tag-venedig"],"share_on_mastodon":{"url":"https:\/\/pubeurope.com\/@at\/117215960816212567","error":""},"_links":{"self":[{"href":"https:\/\/www.europesays.com\/at\/wp-json\/wp\/v2\/posts\/376219","targetHints":{"allow":["GET"]}}],"collection":[{"href":"https:\/\/www.europesays.com\/at\/wp-json\/wp\/v2\/posts"}],"about":[{"href":"https:\/\/www.europesays.com\/at\/wp-json\/wp\/v2\/types\/post"}],"author":[{"embeddable":true,"href":"https:\/\/www.europesays.com\/at\/wp-json\/wp\/v2\/users\/2"}],"replies":[{"embeddable":true,"href":"https:\/\/www.europesays.com\/at\/wp-json\/wp\/v2\/comments?post=376219"}],"version-history":[{"count":0,"href":"https:\/\/www.europesays.com\/at\/wp-json\/wp\/v2\/posts\/376219\/revisions"}],"wp:featuredmedia":[{"embeddable":true,"href":"https:\/\/www.europesays.com\/at\/wp-json\/wp\/v2\/media\/376220"}],"wp:attachment":[{"href":"https:\/\/www.europesays.com\/at\/wp-json\/wp\/v2\/media?parent=376219"}],"wp:term":[{"taxonomy":"category","embeddable":true,"href":"https:\/\/www.europesays.com\/at\/wp-json\/wp\/v2\/categories?post=376219"},{"taxonomy":"post_tag","embeddable":true,"href":"https:\/\/www.europesays.com\/at\/wp-json\/wp\/v2\/tags?post=376219"}],"curies":[{"name":"wp","href":"https:\/\/api.w.org\/{rel}","templated":true}]}}