{"id":376223,"date":"2026-09-05T02:00:12","date_gmt":"2026-09-05T02:00:12","guid":{"rendered":"https:\/\/www.europesays.com\/at\/376223\/"},"modified":"2026-09-05T02:00:12","modified_gmt":"2026-09-05T02:00:12","slug":"verbandswechsel-oefb-verliert-torhueter-talent-sky-sport-austria","status":"publish","type":"post","link":"https:\/\/www.europesays.com\/at\/376223\/","title":{"rendered":"Verbandswechsel: \u00d6FB verliert Torh\u00fcter-Talent &#8211; Sky Sport Austria"},"content":{"rendered":"<p>Der \u00d6FB muss nicht zum ersten Mal ein gro\u00dfes Talent zu einem anderen Landesverband ziehen lassen: Der aktuelle <a href=\"https:\/\/www.skysportaustria.at\/fussball\/admiral-bundesliga\/wsg-tirol\/\" rel=\"nofollow noopener\" target=\"_blank\">WSG<\/a>-Keeper Salko Hamzic m\u00f6chte in Zukunft f\u00fcr Bosnien und Herzegowina auflaufen.<\/p>\n<p>Im Gespr\u00e4ch mit \u201e90minuten.at\u201c erkl\u00e4rt der geb\u00fcrtige Salzburger seine Entscheidung: \u201eIch m\u00f6chte nicht, dass es als Entscheidung gegen den \u00d6FB verstanden wird. Grunds\u00e4tzlich habe ich Bosnien aber gesagt, dass ich gerne dabei w\u00e4re, wenn sie mich einladen. Es hat sich damals komplett richtig angef\u00fchlt, mich f\u00fcr \u00d6sterreich zu entscheiden. Genauso f\u00fchlt sich aber auch diese Entscheidung jetzt richtig an.\u201c<\/p>\n<p>\u201eHabe meine Wurzeln in Bosnien\u201c<\/p>\n<p>F\u00fcr Hamzic sei es auch eine Frage der Perspektive gewesen, was er in einem Nationalteam erreichen k\u00f6nne und wo er sich f\u00fcr die Zukunft besser aufgehoben f\u00fchle. \u201eEs war eine Entscheidung f\u00fcr Bosnien, wo ich meine Wurzeln habe. Hinter meinen Beweggr\u00fcnden stehe ich. Ich sch\u00e4tze die Arbeit sehr, die dort geleistet wird. F\u00fcr die Wertsch\u00e4tzung, die ich in den letzten Jahren bekommen habe, bin ich dankbar. Die gemeinsame Zeit werde ich gut in Erinnerung behalten.\u201c<\/p>\n<p>Zwar ist der Verbandswechsel noch nicht offiziell, jedoch best\u00e4tigte der 1,90-Meter-Mann einen Austausch mit dem bosnischen Verband: \u201eIch habe in den letzten Wochen mit dem bosnischen Nationalteam kommuniziert. Wir haben \u00fcber die Zukunft gesprochen. Ehrlicherweise hat mich das schon sehr \u00fcberzeugt\u201c, sagte der 19-J\u00e4hrige. \u00d6FB-Teamchef Ralf Rangnick habe sich laut Angaben von Hamzic in letzter Zeit nicht bei ihm gemeldet. Bereits in K\u00fcrze k\u00f6nnte Hamzic f\u00fcr die anstehende L\u00e4nderspielpause ins bosnische Nationalteam einberufen werden.<\/p>\n<p>Hamzic wechselte im Alter von 13 Jahren in die Salzburger Jugend und stand bereits mit 16 Jahren in der 2. Liga f\u00fcr den FC Liefering auf dem Feld. Nach insgesamt 27 Spielen f\u00fcr Liefering wechselte er in diesem Sommer zur WSG Tirol, wo er auf Anhieb zum Stammtorh\u00fcter ernannt wurde. F\u00fcr \u00d6sterreichs Junioren-Nationalteams absolvierte Hamzic bislang 12 L\u00e4nderspiele.<\/p>\n<p>Gegner statt Teamkollegen: Zawieschitzky &amp; Hamzic im Doppel-Interview<\/p>\n<p><a class=\"ad-msg\" href=\"https:\/\/www.sky.at\/angebote?wkz=AWDSL24&amp;eml=atbac:2026_Sky_Trade_Sport_SSA_Textlink\" target=\"_blank\" rel=\"nofollow noopener\"><img loading=\"lazy\" decoding=\"async\" width=\"640\" height=\"213\" src=\"https:\/\/www.europesays.com\/at\/wp-content\/uploads\/2026\/09\/1788573612_154_Sport_Kampagne_900x300.jpg\" class=\"ad-msg__image ad-msg__image--mobile\" alt=\"Werbung\"  \/><\/a><\/p>\n","protected":false},"excerpt":{"rendered":"Der \u00d6FB muss nicht zum ersten Mal ein gro\u00dfes Talent zu einem anderen Landesverband ziehen lassen: Der aktuelle&hellip;\n","protected":false},"author":2,"featured_media":376224,"comment_status":"","ping_status":"","sticky":false,"template":"","format":"standard","meta":{"footnotes":"","_share_on_mastodon":"0"},"categories":[18],"tags":[46,42,22702,50596,44,109,108],"class_list":["post-376223","post","type-post","status-publish","format-standard","has-post-thumbnail","category-sport","tag-at","tag-austria","tag-bosnien","tag-hamzic","tag-oesterreich","tag-sport","tag-sports"],"share_on_mastodon":{"url":"https:\/\/pubeurope.com\/@at\/117215968128418227","error":""},"_links":{"self":[{"href":"https:\/\/www.europesays.com\/at\/wp-json\/wp\/v2\/posts\/376223","targetHints":{"allow":["GET"]}}],"collection":[{"href":"https:\/\/www.europesays.com\/at\/wp-json\/wp\/v2\/posts"}],"about":[{"href":"https:\/\/www.europesays.com\/at\/wp-json\/wp\/v2\/types\/post"}],"author":[{"embeddable":true,"href":"https:\/\/www.europesays.com\/at\/wp-json\/wp\/v2\/users\/2"}],"replies":[{"embeddable":true,"href":"https:\/\/www.europesays.com\/at\/wp-json\/wp\/v2\/comments?post=376223"}],"version-history":[{"count":0,"href":"https:\/\/www.europesays.com\/at\/wp-json\/wp\/v2\/posts\/376223\/revisions"}],"wp:featuredmedia":[{"embeddable":true,"href":"https:\/\/www.europesays.com\/at\/wp-json\/wp\/v2\/media\/376224"}],"wp:attachment":[{"href":"https:\/\/www.europesays.com\/at\/wp-json\/wp\/v2\/media?parent=376223"}],"wp:term":[{"taxonomy":"category","embeddable":true,"href":"https:\/\/www.europesays.com\/at\/wp-json\/wp\/v2\/categories?post=376223"},{"taxonomy":"post_tag","embeddable":true,"href":"https:\/\/www.europesays.com\/at\/wp-json\/wp\/v2\/tags?post=376223"}],"curies":[{"name":"wp","href":"https:\/\/api.w.org\/{rel}","templated":true}]}}