{"id":376253,"date":"2026-09-05T02:39:13","date_gmt":"2026-09-05T02:39:13","guid":{"rendered":"https:\/\/www.europesays.com\/at\/376253\/"},"modified":"2026-09-05T02:39:13","modified_gmt":"2026-09-05T02:39:13","slug":"nach-klarer-halbzeitfuehrung-ried-im-oefb-cup-problemlos-weiter","status":"publish","type":"post","link":"https:\/\/www.europesays.com\/at\/376253\/","title":{"rendered":"Nach klarer Halbzeitf\u00fchrung: Ried im \u00d6FB-Cup problemlos weiter"},"content":{"rendered":"<p>\t\t\t04.09.2026, 20:53<br \/>\n\t\t\t\t\t\t\t\t\t\t\t\t\u2022<\/p>\n<p>(Red.)\/Beitragsbild: GEPA.<\/p>\n<p>Als zweiter Bundesligist \u00fcbersteht auch die <a href=\"https:\/\/www.skysportaustria.at\/fussball\/admiral-bundesliga\/sv-ried\" rel=\"nofollow noopener\" target=\"_blank\">SV Ried<\/a> problemlos die zweite Runde des <a href=\"https:\/\/www.skysportaustria.at\/fussball\/oefb-cup\/\" rel=\"nofollow noopener\" target=\"_blank\">\u00d6FB-Cups<\/a>: Im ober\u00f6sterreichischen Duell mit dem SV Wallern setzen sich die Innviertler klar mit 5:1 durch.<\/p>\n<p>Nach einer umk\u00e4mpften Anfangsphase drehten die Rieder schon in der ersten Spielh\u00e4lfte auf. Nach dem fr\u00fchen 1:0 durch Evan Eghosa Aisowieren (16.) dauerte es zun\u00e4chst etwas bis zur knappen Entscheidung beim zweiten Treffer per Eigentor in Minute 37. Auf das sofortige 3:0 durch Martin Rasner (38.) folgte schlie\u00dflich ein Traumtor von Philipp Pomer (43.).<\/p>\n<p><a href=\"https:\/\/www.skysportaustria.at\/kurioser-kantersieg-altach-zieht-souveraen-in-cup-achtelfinale-ein\/\" rel=\"nofollow noopener\" target=\"_blank\">Kurioser Kantersieg: Altach zieht souver\u00e4n in Cup-Achtelfinale ein<\/a><\/p>\n<p>Der f\u00fcnfte Ried-Treffer gelang Routinier Stefan Schwab (58.). Wallern gelang danach immerhin noch der 1:5-Ehrentreffer in Person von Dejan Misic (80.).<\/p>\n<p>Bregenz gewinnt Elferkrimi gegen FAC<\/p>\n<p>Schwarz-Wei\u00df Bregenz setzte sich beim FAC nach torlosen 120 Minuten im Elfmeterschie\u00dfen 5:4 durch. In einem 2.-Liga-Vergleich jubelte Bregenz in Wien-Floridsdorf erst nach 120 Minuten. Nachdem Tomislav Glavan an SW-Torh\u00fcter Peter Aizawa gescheitert war, bewahrte Paul Scharner den FAC mit einer Parade gegen Lars Nussbaumer zun\u00e4chst vor dem Aus. Danach scheiterte aber auch Fabian Hafenscher an Aizawa.<\/p>\n<p><a class=\"ad-msg\" href=\"https:\/\/www.sky.at\/angebote?wkz=AWDSL24&amp;eml=atbac:2026_Sky_Trade_Sport_SSA_Textlink\" target=\"_blank\" rel=\"nofollow noopener\"><img loading=\"lazy\" decoding=\"async\" width=\"640\" height=\"213\" src=\"https:\/\/www.europesays.com\/at\/wp-content\/uploads\/2026\/09\/1788575953_81_Sport_Kampagne_900x300.jpg\" class=\"ad-msg__image ad-msg__image--mobile\" alt=\"Werbung\"  \/><\/a><\/p>\n","protected":false},"excerpt":{"rendered":"04.09.2026, 20:53 \u2022 (Red.)\/Beitragsbild: GEPA. Als zweiter Bundesligist \u00fcbersteht auch die SV Ried problemlos die zweite Runde des&hellip;\n","protected":false},"author":2,"featured_media":376254,"comment_status":"","ping_status":"","sticky":false,"template":"","format":"standard","meta":{"footnotes":"","_share_on_mastodon":"0"},"categories":[18],"tags":[46,42,5719,44,109,108,4334],"class_list":["post-376253","post","type-post","status-publish","format-standard","has-post-thumbnail","category-sport","tag-at","tag-austria","tag-oefb-cup","tag-oesterreich","tag-sport","tag-sports","tag-sv-ried"],"share_on_mastodon":{"url":"https:\/\/pubeurope.com\/@at\/117216121501829128","error":""},"_links":{"self":[{"href":"https:\/\/www.europesays.com\/at\/wp-json\/wp\/v2\/posts\/376253","targetHints":{"allow":["GET"]}}],"collection":[{"href":"https:\/\/www.europesays.com\/at\/wp-json\/wp\/v2\/posts"}],"about":[{"href":"https:\/\/www.europesays.com\/at\/wp-json\/wp\/v2\/types\/post"}],"author":[{"embeddable":true,"href":"https:\/\/www.europesays.com\/at\/wp-json\/wp\/v2\/users\/2"}],"replies":[{"embeddable":true,"href":"https:\/\/www.europesays.com\/at\/wp-json\/wp\/v2\/comments?post=376253"}],"version-history":[{"count":0,"href":"https:\/\/www.europesays.com\/at\/wp-json\/wp\/v2\/posts\/376253\/revisions"}],"wp:featuredmedia":[{"embeddable":true,"href":"https:\/\/www.europesays.com\/at\/wp-json\/wp\/v2\/media\/376254"}],"wp:attachment":[{"href":"https:\/\/www.europesays.com\/at\/wp-json\/wp\/v2\/media?parent=376253"}],"wp:term":[{"taxonomy":"category","embeddable":true,"href":"https:\/\/www.europesays.com\/at\/wp-json\/wp\/v2\/categories?post=376253"},{"taxonomy":"post_tag","embeddable":true,"href":"https:\/\/www.europesays.com\/at\/wp-json\/wp\/v2\/tags?post=376253"}],"curies":[{"name":"wp","href":"https:\/\/api.w.org\/{rel}","templated":true}]}}