{"id":376261,"date":"2026-09-05T02:44:18","date_gmt":"2026-09-05T02:44:18","guid":{"rendered":"https:\/\/www.europesays.com\/at\/376261\/"},"modified":"2026-09-05T02:44:18","modified_gmt":"2026-09-05T02:44:18","slug":"gleisdorfs-oevp-buergermeister-empoert-fpoe-mit-ariervermessung-sager","status":"publish","type":"post","link":"https:\/\/www.europesays.com\/at\/376261\/","title":{"rendered":"Gleisdorfs \u00d6VP-B\u00fcrgermeister emp\u00f6rt FP\u00d6 mit \u201eAriervermessung\u201c-Sager"},"content":{"rendered":"<p><a href=\"https:\/\/www.kleinezeitung.at\/rubriken\/politik\" data-slot=\"base\" class=\"inline-flex items-center disabled:cursor-not-allowed aria-disabled:cursor-not-allowed disabled:opacity-75 aria-disabled:opacity-75 transition-colors rounded-lg px-2.5 py-1.5 text-sm text-muted hover:text-default active:text-default disabled:text-muted aria-disabled:text-muted outline-inverted\/25 focus-visible:outline-3 gap-0 font-bold uppercase tracking-widest truncate !p-0 !rounded-none select-none\" rel=\"nofollow noopener\" target=\"_blank\">Politik<\/a><\/p>\n<p class=\"klz-text-article-lead\">Mit einer Aussage zu FP\u00d6-Chef Herbert Kickl und den Identit\u00e4ren sorgt Christoph Stark, \u00d6VP-Nationalrat und Gleisdorfs B\u00fcrgermeister, f\u00fcr Diskussionen in den sozialen Medien. Die FP\u00d6 spricht von einem Skandal.<\/p>\n<p><img decoding=\"async\" src=\"https:\/\/www.europesays.com\/at\/wp-content\/uploads\/2026\/09\/1788576257_786_kein Titel.webp\" alt=\"Steht in Kritik: Der Gleisdorfer \u00d6VP-B\u00fcrgermeister und Nationalratsabgeordnete Christoph Stark\" loading=\"eager\" fetchpriority=\"high\"  class=\"w-full object-contain  rounded-2xl\"\/> \u00a9 APA \/ Eva ManhartSteht in Kritik: Der Gleisdorfer \u00d6VP-B\u00fcrgermeister und Nationalratsabgeordnete Christoph Stark<img decoding=\"async\" src=\"https:\/\/www.europesays.com\/at\/wp-content\/uploads\/2026\/09\/Teubl-Laufer_Veronika-512.png\" alt=\"Veronika Teubl-Lafer\" width=\"48\" height=\"48\" loading=\"lazy\" data-slot=\"image\" class=\"h-full w-full rounded-[inherit] object-cover\"\/><img decoding=\"async\" src=\"https:\/\/www.europesays.com\/at\/wp-content\/uploads\/2026\/09\/Teubl-Laufer_Veronika-512.png\" alt=\"Veronika Teubl-Lafer\" width=\"48\" height=\"48\" loading=\"lazy\" data-slot=\"image\" class=\"h-full w-full rounded-[inherit] object-cover\"\/><\/p>\n<p>vor 18 Stunden4. September 2026 um 09:02<\/p>\n","protected":false},"excerpt":{"rendered":"Politik Mit einer Aussage zu FP\u00d6-Chef Herbert Kickl und den Identit\u00e4ren sorgt Christoph Stark, \u00d6VP-Nationalrat und Gleisdorfs B\u00fcrgermeister,&hellip;\n","protected":false},"author":2,"featured_media":376262,"comment_status":"","ping_status":"","sticky":false,"template":"","format":"standard","meta":{"footnotes":"","_share_on_mastodon":"0"},"categories":[6],"tags":[46,42,94085,680,2599,1195,44,413,43,45],"class_list":["post-376261","post","type-post","status-publish","format-standard","has-post-thumbnail","category-oesterreich","tag-at","tag-austria","tag-christoph-stark","tag-fpoe","tag-gleisdorf","tag-herbert-kickl","tag-oesterreich","tag-oevp","tag-republic-of-austria","tag-republik-oesterreich"],"share_on_mastodon":{"url":"https:\/\/pubeurope.com\/@at\/117216141157168040","error":""},"_links":{"self":[{"href":"https:\/\/www.europesays.com\/at\/wp-json\/wp\/v2\/posts\/376261","targetHints":{"allow":["GET"]}}],"collection":[{"href":"https:\/\/www.europesays.com\/at\/wp-json\/wp\/v2\/posts"}],"about":[{"href":"https:\/\/www.europesays.com\/at\/wp-json\/wp\/v2\/types\/post"}],"author":[{"embeddable":true,"href":"https:\/\/www.europesays.com\/at\/wp-json\/wp\/v2\/users\/2"}],"replies":[{"embeddable":true,"href":"https:\/\/www.europesays.com\/at\/wp-json\/wp\/v2\/comments?post=376261"}],"version-history":[{"count":0,"href":"https:\/\/www.europesays.com\/at\/wp-json\/wp\/v2\/posts\/376261\/revisions"}],"wp:featuredmedia":[{"embeddable":true,"href":"https:\/\/www.europesays.com\/at\/wp-json\/wp\/v2\/media\/376262"}],"wp:attachment":[{"href":"https:\/\/www.europesays.com\/at\/wp-json\/wp\/v2\/media?parent=376261"}],"wp:term":[{"taxonomy":"category","embeddable":true,"href":"https:\/\/www.europesays.com\/at\/wp-json\/wp\/v2\/categories?post=376261"},{"taxonomy":"post_tag","embeddable":true,"href":"https:\/\/www.europesays.com\/at\/wp-json\/wp\/v2\/tags?post=376261"}],"curies":[{"name":"wp","href":"https:\/\/api.w.org\/{rel}","templated":true}]}}