{"id":376271,"date":"2026-09-05T02:58:10","date_gmt":"2026-09-05T02:58:10","guid":{"rendered":"https:\/\/www.europesays.com\/at\/376271\/"},"modified":"2026-09-05T02:58:10","modified_gmt":"2026-09-05T02:58:10","slug":"fuenf-oetv-spieler-beim-tulln-challenger-fix-im-hauptfeld","status":"publish","type":"post","link":"https:\/\/www.europesays.com\/at\/376271\/","title":{"rendered":"F\u00fcnf \u00d6TV-Spieler beim Tulln-Challenger fix im Hauptfeld"},"content":{"rendered":"<p>Beim <a href=\"https:\/\/www.laola1.at\/de\/daten\/news\/tennis\/tennis\/\" class=\"tag\" rel=\"nofollow noopener\" target=\"_blank\">Tennis<\/a>-100-Challenger n\u00e4chste Woche in Tulln stehen zumindest f\u00fcnf \u00d6sterreicher im Hauptfeld.<\/p>\n<p>Ihre Fixtickets hatten bereits Lukas Neumayer und Sandro Kopp, die Wildcards gingen am Freitag an <a href=\"https:\/\/www.laola1.at\/de\/daten\/news\/tennis\/filip-misolic\/\" class=\"tag\" rel=\"nofollow noopener\" target=\"_blank\">Filip Misolic<\/a>, Sebastian Sorger und Nico Hipfl.<\/p>\n<p>Misolic hatte am Dienstag bei den <a href=\"https:\/\/www.laola1.at\/de\/daten\/news\/tennis\/us-open\/\" class=\"tag\" rel=\"nofollow noopener\" target=\"_blank\">US Open<\/a> nach mehr als halbj\u00e4hriger Verletzungspause sein Comeback gegeben. <\/p>\n<p>Die sechste Auflage des Tullner Turniers startet am Sonntag mit der Qualifikation, der Hauptbewerb beginnt am Montag.<\/p>\n","protected":false},"excerpt":{"rendered":"Beim Tennis-100-Challenger n\u00e4chste Woche in Tulln stehen zumindest f\u00fcnf \u00d6sterreicher im Hauptfeld. Ihre Fixtickets hatten bereits Lukas Neumayer&hellip;\n","protected":false},"author":2,"featured_media":376272,"comment_status":"","ping_status":"","sticky":false,"template":"","format":"standard","meta":{"footnotes":"","_share_on_mastodon":"0"},"categories":[18],"tags":[46,25702,30406,12692,42,76178,43943,49355,44,5231,25693,94087,109,13635,108,5537,64598],"class_list":["post-376271","post","type-post","status-publish","format-standard","has-post-thumbnail","category-sport","tag-at","tag-atp","tag-atp-challenger","tag-atp-tour","tag-austria","tag-filip-misolic","tag-lukas-neumayer","tag-nico-hipfl","tag-oesterreich","tag-sandro","tag-sandro-kopp","tag-sebastian-sorger","tag-sport","tag-sport-mix","tag-sports","tag-tennis","tag-us-open"],"share_on_mastodon":{"url":"https:\/\/pubeurope.com\/@at\/117216195776922243","error":""},"_links":{"self":[{"href":"https:\/\/www.europesays.com\/at\/wp-json\/wp\/v2\/posts\/376271","targetHints":{"allow":["GET"]}}],"collection":[{"href":"https:\/\/www.europesays.com\/at\/wp-json\/wp\/v2\/posts"}],"about":[{"href":"https:\/\/www.europesays.com\/at\/wp-json\/wp\/v2\/types\/post"}],"author":[{"embeddable":true,"href":"https:\/\/www.europesays.com\/at\/wp-json\/wp\/v2\/users\/2"}],"replies":[{"embeddable":true,"href":"https:\/\/www.europesays.com\/at\/wp-json\/wp\/v2\/comments?post=376271"}],"version-history":[{"count":0,"href":"https:\/\/www.europesays.com\/at\/wp-json\/wp\/v2\/posts\/376271\/revisions"}],"wp:featuredmedia":[{"embeddable":true,"href":"https:\/\/www.europesays.com\/at\/wp-json\/wp\/v2\/media\/376272"}],"wp:attachment":[{"href":"https:\/\/www.europesays.com\/at\/wp-json\/wp\/v2\/media?parent=376271"}],"wp:term":[{"taxonomy":"category","embeddable":true,"href":"https:\/\/www.europesays.com\/at\/wp-json\/wp\/v2\/categories?post=376271"},{"taxonomy":"post_tag","embeddable":true,"href":"https:\/\/www.europesays.com\/at\/wp-json\/wp\/v2\/tags?post=376271"}],"curies":[{"name":"wp","href":"https:\/\/api.w.org\/{rel}","templated":true}]}}