{"id":376301,"date":"2026-09-05T03:22:08","date_gmt":"2026-09-05T03:22:08","guid":{"rendered":"https:\/\/www.europesays.com\/at\/376301\/"},"modified":"2026-09-05T03:22:08","modified_gmt":"2026-09-05T03:22:08","slug":"hauptsperre-naechste-phase-des-s-bahn-upgrades","status":"publish","type":"post","link":"https:\/\/www.europesays.com\/at\/376301\/","title":{"rendered":"Hauptsperre: N\u00e4chste Phase des S-Bahn-Upgrades"},"content":{"rendered":"<p>Mit Schulbeginn am 7. September startet offiziell die n\u00e4chste gro\u00dfe Bauphase des Programms S-Bahn Wien Upgrade. Die Hauptsperre zwischen Wien Hauptbahnhof \/ Wien St. Marx und Wien Praterstern.<\/p>\n<p>Beginnen wir mit einer guten Nachricht: Mit Ende der Sommersperre zwischen Wien Praterstern und Wien Floridsdorf sowie auf den Nord\u00e4sten Richtung Jedlersdorf, Gerasdorf und S\u00fc\u00dfenbrunn wird das neue digitale Zugsicherungssystem ETCS erfolgreich und planm\u00e4\u00dfig in Betrieb genommen. Damit sind die technischen Voraussetzungen geschaffen, um den Bahnverkehr k\u00fcnftig noch leistungsf\u00e4higer, stabiler und zuverl\u00e4ssiger zu gestalten.<\/p>\n<p>Besonders bemerkenswert: Die Inbetriebnahme erfolgt trotz des Kabelbrands am 13. August in einem Schacht vor dem Stellwerk am Praterstern, welcher wenige Wochen vor Abschluss der Arbeiten zus\u00e4tzliche Herausforderungen mit sich brachte. Durch den Einsatz von zahlreichen Mitarbeiter und Auftragnehmer konnten die Sch\u00e4den behoben und der ambitionierte Zeitplan Im Nordabschnitt trotzdem eingehalten werden.<\/p>\n<p>Beginn der Hauptsperre<\/p>\n<p>Mit Schulbeginn am 7. September startet offiziell die n\u00e4chste gro\u00dfe Bauphase des Programms S-Bahn Wien Upgrade. Im Rahmen der Hauptsperre zwischen Wien Hauptbahnhof \/ Wien St. Marx und Wien Praterstern erneuern die \u00d6BB in diesem Abschnitt bis Ende Oktober 2027 u.a. die Viadukte im 2. Bezirk, Einschnittsmauern und Br\u00fccken, verl\u00e4ngern Bahnsteige, modernisieren die Haltestellen Wien Rennweg und Wien Quartier Belvedere sowie die gesamte Schieneninfrastruktur. <\/p>\n<p>All diese Ma\u00dfnahmen sind nur w\u00e4hrend einer Komplettsperre m\u00f6glich und tragen\u202fdazu bei, dass k\u00fcnftig moderne und auch l\u00e4ngere Z\u00fcge auf der Strecke unterwegs sein k\u00f6nnen. Das bedeutet ein h\u00f6heres Sitzplatzangebot und mehr Komfort f\u00fcr die Fahrg\u00e4ste.<\/p>\n<p>Damit die Fahrg\u00e4ste auch w\u00e4hrend der Zeit der Sperre mobil bleiben, wurden gemeinsam mit den Wiener Linien und basierend auf der umfassenden Analyse des \u00d6sterreichischen Instituts f\u00fcr Raumplanung zahlreiche kapazit\u00e4tssteigernde Ma\u00dfnahmen im Wiener \u00d6ffi-Netz gesetzt. Wie etwa <\/p>\n<p>Taktverdichtungen auf den U-Bahn-Linien U1, U2 und U4<\/p>\n<p>Direktshuttlebus SH6: Als zus\u00e4tzliche leistungsf\u00e4hige Anbindung an die U4 und zur Entlastung der U6 wurde zwischen Bahnhof Wien Meidling (Abgang Eichenstra\u00dfe) und U4\/U6-Station L\u00e4ngenfeldgasse ein Shuttlebus ohne Zwischenstopps eingerichtet.<\/p>\n<p>Zus\u00e4tzliche Kapazit\u00e4ten auf der Stra\u00dfenbahnlinie O durch den ausschlie\u00dflichen Einsatz von Langfahrzeugen, unterst\u00fctzt von Bevorrangungs- und Beschleunigungsma\u00dfnahmen im Stra\u00dfenverkehr<\/p>\n<p>Verl\u00e4ngerung der Linie 18 von U3 Schlachthausgasse bis U2 Stadion, direkte Anbindung an die S7 Richtung Flughafen in St. Marx<\/p>\n<p>Umleitung der Stra\u00dfenbahnlinie 62 von Meidling \u00fcber Matzleinsdorfer Platz, Hauptbahnhof bis Quartier Belvedere zur Verst\u00e4rkung der Linie 18;<\/p>\n<p>Detailinformationen zu Einschr\u00e4nkungen, Alternativangeboten sowie Ticketanerkenntnis w\u00e4hrend der Hauptsperre finden Sie unter\u00a0<a href=\"https:\/\/eur02.safelinks.protection.outlook.com\/?url=https%3A%2F%2Fwww.oebb.at%2Fstammstreckensperren&amp;data=05%7C02%7Cernst.berger%40echo.at%7C17e98a6f32644967602a08df0a52b556%7C24ff768d326c4ac98d9f012525792bd2%7C0%7C0%7C639241022514982975%7CUnknown%7CTWFpbGZsb3d8eyJFbXB0eU1hcGkiOnRydWUsIlYiOiIwLjAuMDAwMCIsIlAiOiJXaW4zMiIsIkFOIjoiTWFpbCIsIldUIjoyfQ%3D%3D%7C0%7C%7C%7C&amp;sdata=WQ4KXm5tbMhgdH%2BluN9xix1H6VvgDxayPykILw8bR28%3D&amp;reserved=0\" rel=\"nofollow noopener\" target=\"_blank\">www.oebb.at\/stammstreckensperren<\/a>.<\/p>\n","protected":false},"excerpt":{"rendered":"Mit Schulbeginn am 7. September startet offiziell die n\u00e4chste gro\u00dfe Bauphase des Programms S-Bahn Wien Upgrade. Die Hauptsperre&hellip;\n","protected":false},"author":2,"featured_media":376302,"comment_status":"","ping_status":"","sticky":false,"template":"","format":"standard","meta":{"footnotes":"","_share_on_mastodon":"0"},"categories":[6],"tags":[46,42,58349,73815,492,44,43,45,40992,2232,94089],"class_list":["post-376301","post","type-post","status-publish","format-standard","has-post-thumbnail","category-oesterreich","tag-at","tag-austria","tag-behinderungen","tag-ersatzverkehr","tag-oebb","tag-oesterreich","tag-republic-of-austria","tag-republik-oesterreich","tag-s-bahn","tag-sperre","tag-taktverdichtungen"],"share_on_mastodon":{"url":"https:\/\/pubeurope.com\/@at\/117216289931918439","error":""},"_links":{"self":[{"href":"https:\/\/www.europesays.com\/at\/wp-json\/wp\/v2\/posts\/376301","targetHints":{"allow":["GET"]}}],"collection":[{"href":"https:\/\/www.europesays.com\/at\/wp-json\/wp\/v2\/posts"}],"about":[{"href":"https:\/\/www.europesays.com\/at\/wp-json\/wp\/v2\/types\/post"}],"author":[{"embeddable":true,"href":"https:\/\/www.europesays.com\/at\/wp-json\/wp\/v2\/users\/2"}],"replies":[{"embeddable":true,"href":"https:\/\/www.europesays.com\/at\/wp-json\/wp\/v2\/comments?post=376301"}],"version-history":[{"count":0,"href":"https:\/\/www.europesays.com\/at\/wp-json\/wp\/v2\/posts\/376301\/revisions"}],"wp:featuredmedia":[{"embeddable":true,"href":"https:\/\/www.europesays.com\/at\/wp-json\/wp\/v2\/media\/376302"}],"wp:attachment":[{"href":"https:\/\/www.europesays.com\/at\/wp-json\/wp\/v2\/media?parent=376301"}],"wp:term":[{"taxonomy":"category","embeddable":true,"href":"https:\/\/www.europesays.com\/at\/wp-json\/wp\/v2\/categories?post=376301"},{"taxonomy":"post_tag","embeddable":true,"href":"https:\/\/www.europesays.com\/at\/wp-json\/wp\/v2\/tags?post=376301"}],"curies":[{"name":"wp","href":"https:\/\/api.w.org\/{rel}","templated":true}]}}