{"id":376307,"date":"2026-09-05T03:32:11","date_gmt":"2026-09-05T03:32:11","guid":{"rendered":"https:\/\/www.europesays.com\/at\/376307\/"},"modified":"2026-09-05T03:32:11","modified_gmt":"2026-09-05T03:32:11","slug":"aegyo-k-pop-laden-in-wettstetten-expandiert-nach-fuerth-konzept-in-ingolstadt-abgelehnt","status":"publish","type":"post","link":"https:\/\/www.europesays.com\/at\/376307\/","title":{"rendered":"Aegyo K-Pop-Laden in Wettstetten expandiert nach F\u00fcrth: Konzept in Ingolstadt abgelehnt"},"content":{"rendered":"<p>An der Stra\u00dfenkreuzung in Wettstetten, an der die Schelldorferstra\u00dfe in die Ingolst\u00e4dterstra\u00dfe \u00fcbergeht, findet sich ein Laden, den wohl die wenigsten in einer 5000-Einwohner-Gemeinde erwarten w\u00fcrden: der Aegyo K-Pop-Laden, der Fans von s\u00fcdkoreanischer Musik alles bietet, was ihr Herz begehrt. In Zukunft soll es auch eine Filiale in F\u00fcrth geben \u2013 mit der Idee, einen Laden zentraler in Ingolstadt zu er\u00f6ffnen, habe die Familie bereits abgeschlossen. <\/p>\n<p>Weiterlesen mit<\/p>\n<p>                                                                                <img decoding=\"async\" src=\"https:\/\/www.europesays.com\/at\/wp-content\/uploads\/2026\/09\/donaukurier-plus.png\" alt=\"Plus-Logo\" class=\"paywall-image\"\/><\/p>\n<p class=\"text-center\">\n            Sie sind bereits registriert oder Plus-Abonnent?<\/p>\n<p>                Hier anmelden<\/p>\n","protected":false},"excerpt":{"rendered":"An der Stra\u00dfenkreuzung in Wettstetten, an der die Schelldorferstra\u00dfe in die Ingolst\u00e4dterstra\u00dfe \u00fcbergeht, findet sich ein Laden, den&hellip;\n","protected":false},"author":2,"featured_media":376308,"comment_status":"","ping_status":"","sticky":false,"template":"","format":"standard","meta":{"footnotes":"","_share_on_mastodon":"0"},"categories":[24],"tags":[46,42,147,153,154,44,148],"class_list":["post-376307","post","type-post","status-publish","format-standard","has-post-thumbnail","category-musik","tag-at","tag-austria","tag-entertainment","tag-music","tag-musik","tag-oesterreich","tag-unterhaltung"],"share_on_mastodon":{"url":"https:\/\/pubeurope.com\/@at\/117216329812252977","error":""},"_links":{"self":[{"href":"https:\/\/www.europesays.com\/at\/wp-json\/wp\/v2\/posts\/376307","targetHints":{"allow":["GET"]}}],"collection":[{"href":"https:\/\/www.europesays.com\/at\/wp-json\/wp\/v2\/posts"}],"about":[{"href":"https:\/\/www.europesays.com\/at\/wp-json\/wp\/v2\/types\/post"}],"author":[{"embeddable":true,"href":"https:\/\/www.europesays.com\/at\/wp-json\/wp\/v2\/users\/2"}],"replies":[{"embeddable":true,"href":"https:\/\/www.europesays.com\/at\/wp-json\/wp\/v2\/comments?post=376307"}],"version-history":[{"count":0,"href":"https:\/\/www.europesays.com\/at\/wp-json\/wp\/v2\/posts\/376307\/revisions"}],"wp:featuredmedia":[{"embeddable":true,"href":"https:\/\/www.europesays.com\/at\/wp-json\/wp\/v2\/media\/376308"}],"wp:attachment":[{"href":"https:\/\/www.europesays.com\/at\/wp-json\/wp\/v2\/media?parent=376307"}],"wp:term":[{"taxonomy":"category","embeddable":true,"href":"https:\/\/www.europesays.com\/at\/wp-json\/wp\/v2\/categories?post=376307"},{"taxonomy":"post_tag","embeddable":true,"href":"https:\/\/www.europesays.com\/at\/wp-json\/wp\/v2\/tags?post=376307"}],"curies":[{"name":"wp","href":"https:\/\/api.w.org\/{rel}","templated":true}]}}