{"id":376327,"date":"2026-09-05T03:51:15","date_gmt":"2026-09-05T03:51:15","guid":{"rendered":"https:\/\/www.europesays.com\/at\/376327\/"},"modified":"2026-09-05T03:51:15","modified_gmt":"2026-09-05T03:51:15","slug":"take-that-mit-goldener-henne-ueberrascht","status":"publish","type":"post","link":"https:\/\/www.europesays.com\/at\/376327\/","title":{"rendered":"Take That mit Goldener Henne \u00fcberrascht"},"content":{"rendered":"<p>        <img decoding=\"async\" src=\"https:\/\/www.europesays.com\/at\/wp-content\/uploads\/2026\/09\/take-that-154.webp\" alt=\"Die Band Take That\" title=\"Die Band Take That | Universal Music\" class=\"responsive\"\/><\/p>\n<p class=\"topline\">Ehrenpreis Musik International<\/p>\n<p>\n                Stand: 05.09.2026 00:34 Uhr<\/p>\n<p class=\"preface\">Erst feierten sie eine Deutschlandpremiere, dann wurden sie auch noch mit einem Ehrenpreis \u00fcberrascht. Bei der Verleihung der Goldenen Henne 2026 bekamen Take That den &#8222;Ehrenpreis Musik International&#8220; verliehen.<\/p>\n<p class=\"\">Der Ger\u00e4uschpegel am Roten Teppich nahm ungekannte Ausma\u00dfe an, als Gary Barlow, Mark Owen und Howard Donald kurz vor der Henne-Gala von den Fans gefeiert wurden. Und es wurde auch in der Halle laut. Denn die Boyband-Legenden er\u00f6ffneten mit dem Welt-Hit &#8222;Relight my fire&#8220; die gro\u00dfe Gala. Das gro\u00dfe Highlight f\u00fcr alle Take-That-Fans und die Band selbst, sollte aber knapp zwei Stunden sp\u00e4ter folgen.<\/p>\n<p class=\"\">Zusammen mit Michael Patrick Kelly feierten die drei eine gro\u00dfe Premiere. &#8222;Feel my love&#8220; hei\u00dft der gemeinsame Song der vier Musiker. Im Anschluss gab es f\u00fcr die drei Engl\u00e4nder noch eine goldige \u00dcberraschung. Der &#8222;Ehrenpreis Musik International&#8220; geht an die Kult-Boy-Band.<\/p>\n<p>\n            Video:<br \/>\n            Take That wird mit dem Ehrenpreis Musik International \u00fcberrascht (1 Min)\n        <\/p>\n","protected":false},"excerpt":{"rendered":"Ehrenpreis Musik International Stand: 05.09.2026 00:34 Uhr Erst feierten sie eine Deutschlandpremiere, dann wurden sie auch noch mit&hellip;\n","protected":false},"author":2,"featured_media":376328,"comment_status":"","ping_status":"","sticky":false,"template":"","format":"standard","meta":{"footnotes":"","_share_on_mastodon":"0"},"categories":[24],"tags":[46,42,147,153,154,44,148],"class_list":["post-376327","post","type-post","status-publish","format-standard","has-post-thumbnail","category-musik","tag-at","tag-austria","tag-entertainment","tag-music","tag-musik","tag-oesterreich","tag-unterhaltung"],"share_on_mastodon":{"url":"https:\/\/pubeurope.com\/@at\/117216404648850291","error":""},"_links":{"self":[{"href":"https:\/\/www.europesays.com\/at\/wp-json\/wp\/v2\/posts\/376327","targetHints":{"allow":["GET"]}}],"collection":[{"href":"https:\/\/www.europesays.com\/at\/wp-json\/wp\/v2\/posts"}],"about":[{"href":"https:\/\/www.europesays.com\/at\/wp-json\/wp\/v2\/types\/post"}],"author":[{"embeddable":true,"href":"https:\/\/www.europesays.com\/at\/wp-json\/wp\/v2\/users\/2"}],"replies":[{"embeddable":true,"href":"https:\/\/www.europesays.com\/at\/wp-json\/wp\/v2\/comments?post=376327"}],"version-history":[{"count":0,"href":"https:\/\/www.europesays.com\/at\/wp-json\/wp\/v2\/posts\/376327\/revisions"}],"wp:featuredmedia":[{"embeddable":true,"href":"https:\/\/www.europesays.com\/at\/wp-json\/wp\/v2\/media\/376328"}],"wp:attachment":[{"href":"https:\/\/www.europesays.com\/at\/wp-json\/wp\/v2\/media?parent=376327"}],"wp:term":[{"taxonomy":"category","embeddable":true,"href":"https:\/\/www.europesays.com\/at\/wp-json\/wp\/v2\/categories?post=376327"},{"taxonomy":"post_tag","embeddable":true,"href":"https:\/\/www.europesays.com\/at\/wp-json\/wp\/v2\/tags?post=376327"}],"curies":[{"name":"wp","href":"https:\/\/api.w.org\/{rel}","templated":true}]}}