{"id":376347,"date":"2026-09-05T04:14:20","date_gmt":"2026-09-05T04:14:20","guid":{"rendered":"https:\/\/www.europesays.com\/at\/376347\/"},"modified":"2026-09-05T04:14:20","modified_gmt":"2026-09-05T04:14:20","slug":"ferrari-mit-perfektem-auftakt-in-monza","status":"publish","type":"post","link":"https:\/\/www.europesays.com\/at\/376347\/","title":{"rendered":"Ferrari mit perfektem Auftakt in Monza"},"content":{"rendered":"<p class=\"content__description\" data-speakable=\"\">Mit neuen Motoren hofft Ferrari auf den Formel-1-Heimsieg. Beim ersten Training in Monza l\u00e4sst die Scuderia die Tifosi jubeln.<\/p>\n<p data-speakable=\"\"><a data-component-name=\"link.semantic\" data-brain-zone=\".42688476.content.textlink_1\" data-component-path=\"content.textlink_1\" href=\"https:\/\/www.gmx.at\/magazine\/wirtschaft\/thema\/ferrari\" rel=\"nofollow noopener\" target=\"_blank\">Ferrari<\/a> hat einen perfekten Auftakt ins Formel-1-Heimspiel von Monza erwischt. Im ersten Training f\u00fcr den Gro\u00dfen Preis von Italien fuhr <a data-component-name=\"link.semantic\" data-brain-zone=\".42688476.content.textlink_2\" data-component-path=\"content.textlink_2\" href=\"https:\/\/www.gmx.at\/magazine\/sport\/thema\/charles-leclerc\" rel=\"nofollow noopener\" target=\"_blank\">Charles Leclerc<\/a> im roten Auto die schnellste Runde, sein Teamkollege Lewis Hamilton belegte Rang zwei. Die Scuderia spendiert ihren beiden Piloten f\u00fcr das Rennen am Sonntag (15.00 Uhr\/Sky) eine neue Motoren-Ausbaustufe. Die ersten \u00dcbungsrunden n\u00e4hrten die Hoffnung der Tifosi auf einen emotionalen Heimsieg.<\/p>\n<p>Empfehlungen der Redaktion<\/p>\n<p data-speakable=\"\">Trainingsdritter wurde Mercedes-Fahrer <a data-component-name=\"link.semantic\" data-brain-zone=\".42688476.content.textlink_3\" data-component-path=\"content.textlink_3\" href=\"https:\/\/www.gmx.at\/magazine\/sport\/thema\/george-russell\" rel=\"nofollow noopener\" target=\"_blank\">George Russell<\/a>. Sein Teamkollege <a data-component-name=\"link.semantic\" data-brain-zone=\".42688476.content.textlink_4\" data-component-path=\"content.textlink_4\" href=\"https:\/\/www.gmx.at\/magazine\/sport\/thema\/kimi-antonelli\" rel=\"nofollow noopener\" target=\"_blank\">Kimi Antonelli<\/a>, der als WM-Spitzenreiter in seiner Heimat antritt, musste sich mit Rang f\u00fcnf hinter Red-Bull-Pilot Liam Lawson begn\u00fcgen. Nico H\u00fclkenberg steuerte seinen Audi auf Platz 13.<\/p>\n<p><a href=\"https:\/\/www.gmx.at\/magazine\/sport\/formel-1\/ferrari-monza-grosse-gefuehle-42687164\" data-brain-zone=\".42688476.content.teaser_1.1\" data-component-path=\"content.teaser_1.1\" data-component-name=\"link.editorial\" class=\"teaser teaser--horizontal\" data-block-name=\"content.teaser_1\" data-item-position=\"1\" data-item-source=\"cms\" data-article-id=\"cmd:42687164\" rel=\"nofollow noopener\" target=\"_blank\"><\/p>\n<p><img decoding=\"async\" src=\"https:\/\/www.europesays.com\/at\/wp-content\/uploads\/2026\/09\/grossen-preis-italien.jpg\" alt=\"\" width=\"76\" height=\"76\" loading=\"lazy\" class=\"teaser__image\"\/><\/p>\n<p>\nHeimrennen f\u00fcr die Scuderia\n<\/p>\n<p>Ferrari setzt in Monza auf ganz gro\u00dfe Gef\u00fchle<\/p>\n<p><\/a><\/p>\n<p data-speakable=\"\">In der WM-Gesamtwertung f\u00fchrt Antonelli mit 59 Punkten Vorsprung auf Teamkollege Russell und <a data-component-name=\"link.semantic\" data-brain-zone=\".42688476.content.textlink_5\" data-component-path=\"content.textlink_5\" href=\"https:\/\/www.gmx.at\/magazine\/sport\/thema\/lewis-hamilton\" rel=\"nofollow noopener\" target=\"_blank\">Hamilton<\/a>. Dieses Polster ist jedoch in Gefahr, weil der Silberpfeil-Jungstar wegen eines unerlaubten Motorenwechsels vom Ende des Feldes starten muss. &#8222;In gewisser Weise hilft es, den Druck zu nehmen. Obwohl ich nat\u00fcrlich viel lieber um die Pole Position k\u00e4mpfen und von vorn starten w\u00fcrde. Aber irgendwie f\u00fchle ich mich dadurch etwas entspannter f\u00fcr das Wochenende&#8220;, sagte Antonelli. (dpa\/bearbeitet von skr)<\/p>\n","protected":false},"excerpt":{"rendered":"Mit neuen Motoren hofft Ferrari auf den Formel-1-Heimsieg. Beim ersten Training in Monza l\u00e4sst die Scuderia die Tifosi&hellip;\n","protected":false},"author":2,"featured_media":376348,"comment_status":"","ping_status":"","sticky":false,"template":"","format":"standard","meta":{"footnotes":"","_share_on_mastodon":"0"},"categories":[18],"tags":[46,42,12456,12463,12464,92180,44,94092,109,108],"class_list":["post-376347","post","type-post","status-publish","format-standard","has-post-thumbnail","category-sport","tag-at","tag-austria","tag-ferrari","tag-kimi-antonelli","tag-lewis-hamilton","tag-monza","tag-oesterreich","tag-scuderia","tag-sport","tag-sports"],"share_on_mastodon":{"url":"https:\/\/pubeurope.com\/@at\/117216495125800878","error":""},"_links":{"self":[{"href":"https:\/\/www.europesays.com\/at\/wp-json\/wp\/v2\/posts\/376347","targetHints":{"allow":["GET"]}}],"collection":[{"href":"https:\/\/www.europesays.com\/at\/wp-json\/wp\/v2\/posts"}],"about":[{"href":"https:\/\/www.europesays.com\/at\/wp-json\/wp\/v2\/types\/post"}],"author":[{"embeddable":true,"href":"https:\/\/www.europesays.com\/at\/wp-json\/wp\/v2\/users\/2"}],"replies":[{"embeddable":true,"href":"https:\/\/www.europesays.com\/at\/wp-json\/wp\/v2\/comments?post=376347"}],"version-history":[{"count":0,"href":"https:\/\/www.europesays.com\/at\/wp-json\/wp\/v2\/posts\/376347\/revisions"}],"wp:featuredmedia":[{"embeddable":true,"href":"https:\/\/www.europesays.com\/at\/wp-json\/wp\/v2\/media\/376348"}],"wp:attachment":[{"href":"https:\/\/www.europesays.com\/at\/wp-json\/wp\/v2\/media?parent=376347"}],"wp:term":[{"taxonomy":"category","embeddable":true,"href":"https:\/\/www.europesays.com\/at\/wp-json\/wp\/v2\/categories?post=376347"},{"taxonomy":"post_tag","embeddable":true,"href":"https:\/\/www.europesays.com\/at\/wp-json\/wp\/v2\/tags?post=376347"}],"curies":[{"name":"wp","href":"https:\/\/api.w.org\/{rel}","templated":true}]}}