{"id":376371,"date":"2026-09-05T04:38:17","date_gmt":"2026-09-05T04:38:17","guid":{"rendered":"https:\/\/www.europesays.com\/at\/376371\/"},"modified":"2026-09-05T04:38:17","modified_gmt":"2026-09-05T04:38:17","slug":"vorarlberg-massnahmen-gegen-japankaefer-geplant","status":"publish","type":"post","link":"https:\/\/www.europesays.com\/at\/376371\/","title":{"rendered":"Vorarlberg: Ma\u00dfnahmen gegen Japank\u00e4fer geplant"},"content":{"rendered":"<p>In Vorarlberg wurde der erste Japank\u00e4fer (Popillia japonica) im Juli 2025 in einer Falle in H\u00f6rbranz (Bezirk Bregenz) gefunden, zwei weitere Exemplare wurden in der Folge nachgewiesen. Auch aus Tirol, Liechtenstein und aus dem Raum Buchs (Kanton St. Gallen) wurden inzwischen Funde gemeldet. Der Japank\u00e4fer gilt als einer der gef\u00e4hrlichsten Pflanzensch\u00e4dlinge der Welt, sein Auftreten ist meldepflichtig. Laut der Agentur f\u00fcr Gesundheit und Ern\u00e4hrungssicherheit (AGES) stehen \u00fcber 400 Pflanzenarten \u2013 Bl\u00e4tter, Fr\u00fcchte und Bl\u00fcten \u2013 auf seinem Speiseplan, zudem sch\u00e4digen seine im Boden lebenden Larven die Wurzeln.<\/p>\n","protected":false},"excerpt":{"rendered":"In Vorarlberg wurde der erste Japank\u00e4fer (Popillia japonica) im Juli 2025 in einer Falle in H\u00f6rbranz (Bezirk Bregenz)&hellip;\n","protected":false},"author":2,"featured_media":376372,"comment_status":"","ping_status":"","sticky":false,"template":"","format":"standard","meta":{"footnotes":"","_share_on_mastodon":"0"},"categories":[12],"tags":[1447,4719,27221,40,41,44,39,1332,66,65,64],"class_list":["post-376371","post","type-post","status-publish","format-standard","has-post-thumbnail","category-welt","tag-vorarlberg","tag-agrar","tag-eingeschleppte-arten","tag-nachrichten","tag-news","tag-oesterreich","tag-schlagzeilen","tag-tiere","tag-welt","tag-world","tag-world-news"],"share_on_mastodon":{"url":"https:\/\/pubeurope.com\/@at\/117216589065835076","error":""},"_links":{"self":[{"href":"https:\/\/www.europesays.com\/at\/wp-json\/wp\/v2\/posts\/376371","targetHints":{"allow":["GET"]}}],"collection":[{"href":"https:\/\/www.europesays.com\/at\/wp-json\/wp\/v2\/posts"}],"about":[{"href":"https:\/\/www.europesays.com\/at\/wp-json\/wp\/v2\/types\/post"}],"author":[{"embeddable":true,"href":"https:\/\/www.europesays.com\/at\/wp-json\/wp\/v2\/users\/2"}],"replies":[{"embeddable":true,"href":"https:\/\/www.europesays.com\/at\/wp-json\/wp\/v2\/comments?post=376371"}],"version-history":[{"count":0,"href":"https:\/\/www.europesays.com\/at\/wp-json\/wp\/v2\/posts\/376371\/revisions"}],"wp:featuredmedia":[{"embeddable":true,"href":"https:\/\/www.europesays.com\/at\/wp-json\/wp\/v2\/media\/376372"}],"wp:attachment":[{"href":"https:\/\/www.europesays.com\/at\/wp-json\/wp\/v2\/media?parent=376371"}],"wp:term":[{"taxonomy":"category","embeddable":true,"href":"https:\/\/www.europesays.com\/at\/wp-json\/wp\/v2\/categories?post=376371"},{"taxonomy":"post_tag","embeddable":true,"href":"https:\/\/www.europesays.com\/at\/wp-json\/wp\/v2\/tags?post=376371"}],"curies":[{"name":"wp","href":"https:\/\/api.w.org\/{rel}","templated":true}]}}