{"id":376393,"date":"2026-09-05T04:57:23","date_gmt":"2026-09-05T04:57:23","guid":{"rendered":"https:\/\/www.europesays.com\/at\/376393\/"},"modified":"2026-09-05T04:57:23","modified_gmt":"2026-09-05T04:57:23","slug":"friedland-frau-soll-ins-gebuesch-gezerrt-und-vergewaltigt-worden-sein-24-jaehriger-in-u-haft","status":"publish","type":"post","link":"https:\/\/www.europesays.com\/at\/376393\/","title":{"rendered":"Friedland: Frau soll ins Geb\u00fcsch gezerrt und vergewaltigt worden sein \u2013 24-J\u00e4hriger in U-Haft"},"content":{"rendered":"<p>In Mecklenburg-Vorpommern soll eine 27-J\u00e4hrige bereits Anfang August von einem abgelehnten Asylbewerber vergewaltigt worden sein. Vier Wochen sp\u00e4ter geben die Ermittlungsbeh\u00f6rden Details bekannt.<\/p>\n<p class=\"c-inline-alert__description\">Klicken Sie hier, um sich Artikel von WELT in der Google-Suche bevorzugt anzeigen zu lassen.<\/p>\n<p class=\"is-first-paragraph\" data-external=\"Article.FirstParagraph\">In der Kleinstadt Friedland im Landkreis Mecklenburgische Seenplatte soll sich eine Vergewaltigung ereignet haben. Wie der \u201e<a class=\"is-link c-block-items__link is-external c-link--rich-text-renderer\" href=\"https:\/\/www.nordkurier.de\/regional\/neubrandenburg\/frau-ins-gebuesch-gezogen-und-vergewaltigt-verdaechtiger-sitzt-in-untersuchungshaft-4828770\" target=\"_blank\" title=\"Link wird in einem neuen Tab ge\u00f6ffnet\" rel=\"nofollow noopener\" data-internal-tracking-enabled=\"true\" data-internal-tracking=\"{&quot;action&quot;:&quot;click&quot;,&quot;label&quot;:&quot;link&quot;,&quot;name&quot;:&quot;Inline Element&quot;,&quot;data&quot;:{&quot;source&quot;:&quot;&quot;,&quot;target&quot;:&quot;https:\/\/www.nordkurier.de\/regional\/neubrandenburg\/frau-ins-gebuesch-gezogen-und-vergewaltigt-verdaechtiger-sitzt-in-untersuchungshaft-4828770&quot;,&quot;trackingName&quot;:&quot;&quot;,&quot;trackingLabel&quot;:&quot;&quot;}}\">Nordkurier<\/a>\u201c und der <a class=\"is-link c-block-items__link is-external c-link--rich-text-renderer\" href=\"https:\/\/www.ndr.de\/nachrichten\/mecklenburg-vorpommern\/friedland-tatverdaechtiger-nach-vergewaltigung-in-u-haft,friedland-206.html\" target=\"_blank\" title=\"Link wird in einem neuen Tab ge\u00f6ffnet\" rel=\"nofollow noopener\" data-internal-tracking-enabled=\"true\" data-internal-tracking=\"{&quot;action&quot;:&quot;click&quot;,&quot;label&quot;:&quot;link&quot;,&quot;name&quot;:&quot;Inline Element&quot;,&quot;data&quot;:{&quot;source&quot;:&quot;&quot;,&quot;target&quot;:&quot;https:\/\/www.ndr.de\/nachrichten\/mecklenburg-vorpommern\/friedland-tatverdaechtiger-nach-vergewaltigung-in-u-haft,friedland-206.html&quot;,&quot;trackingName&quot;:&quot;&quot;,&quot;trackingLabel&quot;:&quot;&quot;}}\">NDR<\/a> berichteten, wurde eine 27-j\u00e4hrige Frau am 9. August Opfer eines sexuellen \u00dcbergriffs. <\/p>\n<p>Obwohl die Polizei bereits einen Tag sp\u00e4ter einen Tatverd\u00e4chtigen \u2013 einen abgelehnten Asylbewerber aus Benin \u2013 festgenommen hat, wurde die \u00d6ffentlichkeit vorerst nicht informiert. Fast vier Wochen nach der mutma\u00dflichen Vergewaltigung machen die Ermittlungsbeh\u00f6rden nun auf Nachfrage des \u201eNordkuriers\u201c Angaben.<\/p>\n<p>Nach ersten Erkenntnissen sei die Deutsche von dem 24-J\u00e4hrigen an besagtem Sonntagnachmittag gegen 14.30 Uhr mitten in der Stadt von der Stra\u00dfe in ein Geb\u00fcsch gezogen und dort <a class=\"is-link c-block-items__link c-link--rich-text-renderer\" href=\"https:\/\/www.welt.de\/vermischtes\/article6a72ee79203ba6592b088bad\/niedersachsen-14-jaehrige-in-jugendzentrum-vergewaltigt-staatsanwaltschaft-stellt-ermittlungen-ein.html\" data-internal-tracking-enabled=\"true\" data-internal-tracking=\"{&quot;action&quot;:&quot;click&quot;,&quot;label&quot;:&quot;link&quot;,&quot;name&quot;:&quot;Inline Element&quot;,&quot;data&quot;:{&quot;source&quot;:&quot;&quot;,&quot;target&quot;:&quot;https:\/\/www.welt.de\/vermischtes\/article6a72ee79203ba6592b088bad\/niedersachsen-14-jaehrige-in-jugendzentrum-vergewaltigt-staatsanwaltschaft-stellt-ermittlungen-ein.html&quot;,&quot;trackingName&quot;:&quot;&quot;,&quot;trackingLabel&quot;:&quot;&quot;}}\" rel=\"nofollow noopener\" target=\"_blank\">vergewaltigt worde<\/a>n. Da eine detaillierte T\u00e4terbeschreibung vorlag, h\u00e4tten sich schnell Hinweise auf einen konkreten Verd\u00e4chtigen ergeben.<\/p>\n<p>Um den Fahndungserfolg und eine bevorstehende Festnahme nicht zu gef\u00e4hrden, h\u00e4tten die Ermittlungsbeh\u00f6rden zun\u00e4chst von einem \u00f6ffentlichen Zeugenaufruf abgesehen, hie\u00df es auf \u201eNordkurier\u201c-Nachfrage. Durch Ermittlungen, Befragungen und Spurenauswertungen der Kriminalpolizei hat sich demnach der Tatverdacht gegen den beninischen Staatsangeh\u00f6rigen schnell erh\u00e4rtet. Bereits am darauffolgenden Abend entdeckte ihn die Polizei erneut in Friedland und nahm ihn fest. Wie die \u201eBild\u201c-Zeitung berichtet, gehen die Ermittler davon aus, dass der 24-J\u00e4hrige nicht annahm, dass man ihm auf die Spur kommen w\u00fcrde.<\/p>\n<p>Der Verd\u00e4chtige soll sich laut dem \u201eNordkurier\u201c zuvor im Landkreis Vorpommern-Greifswald aufgehalten haben, aber zuletzt mehrfach in Friedland und an der dortigen Gemeinschaftsunterkunft gesehen worden sein, obwohl er dort nicht gewohnt hat. Warum er das tat, ist noch unklar und laut Polizei Bestandteil der weiteren Ermittlungen.<\/p>\n<p>Die Zeitung berichtet zudem, dass der Asylantrag des Verd\u00e4chtigen abgelehnt wurde, er dagegen jedoch geklagt hat. Aufgrund des noch laufenden Widerspruchsverfahrens darf er sich somit weiter offiziell in Deutschland aufhalten. Weitere Angaben zum genauen Tathergang macht die Polizei derzeit nicht \u2013 und verweist auf den Opferschutz.<\/p>\n<p>Hinweis: In einer fr\u00fcheren Version des Artikels hie\u00df es, es gehe um einen Fall in der nieders\u00e4chsischen Gemeinde Friedland. Die Tat ereignete sich aber in der gleichnamigen Kleinstadt in Mecklenburg-Vorpommern. Wir haben den Fehler korrigiert.<\/p>\n<p>saha<\/p>\n","protected":false},"excerpt":{"rendered":"In Mecklenburg-Vorpommern soll eine 27-J\u00e4hrige bereits Anfang August von einem abgelehnten Asylbewerber vergewaltigt worden sein. Vier Wochen sp\u00e4ter&hellip;\n","protected":false},"author":2,"featured_media":376394,"comment_status":"","ping_status":"","sticky":false,"template":"","format":"standard","meta":{"footnotes":"","_share_on_mastodon":"0"},"categories":[12],"tags":[71246,40,41,78958,2256,39,210,1883,66,65,64],"class_list":["post-376393","post","type-post","status-publish","format-standard","has-post-thumbnail","category-welt","tag-asylbewerber-ks","tag-nachrichten","tag-news","tag-newsos-import-welt","tag-newsteam","tag-schlagzeilen","tag-texttospeech","tag-vergewaltigung","tag-welt","tag-world","tag-world-news"],"share_on_mastodon":{"url":"https:\/\/pubeurope.com\/@at\/117216663482118128","error":""},"_links":{"self":[{"href":"https:\/\/www.europesays.com\/at\/wp-json\/wp\/v2\/posts\/376393","targetHints":{"allow":["GET"]}}],"collection":[{"href":"https:\/\/www.europesays.com\/at\/wp-json\/wp\/v2\/posts"}],"about":[{"href":"https:\/\/www.europesays.com\/at\/wp-json\/wp\/v2\/types\/post"}],"author":[{"embeddable":true,"href":"https:\/\/www.europesays.com\/at\/wp-json\/wp\/v2\/users\/2"}],"replies":[{"embeddable":true,"href":"https:\/\/www.europesays.com\/at\/wp-json\/wp\/v2\/comments?post=376393"}],"version-history":[{"count":0,"href":"https:\/\/www.europesays.com\/at\/wp-json\/wp\/v2\/posts\/376393\/revisions"}],"wp:featuredmedia":[{"embeddable":true,"href":"https:\/\/www.europesays.com\/at\/wp-json\/wp\/v2\/media\/376394"}],"wp:attachment":[{"href":"https:\/\/www.europesays.com\/at\/wp-json\/wp\/v2\/media?parent=376393"}],"wp:term":[{"taxonomy":"category","embeddable":true,"href":"https:\/\/www.europesays.com\/at\/wp-json\/wp\/v2\/categories?post=376393"},{"taxonomy":"post_tag","embeddable":true,"href":"https:\/\/www.europesays.com\/at\/wp-json\/wp\/v2\/tags?post=376393"}],"curies":[{"name":"wp","href":"https:\/\/api.w.org\/{rel}","templated":true}]}}