{"id":376421,"date":"2026-09-05T05:17:12","date_gmt":"2026-09-05T05:17:12","guid":{"rendered":"https:\/\/www.europesays.com\/at\/376421\/"},"modified":"2026-09-05T05:17:12","modified_gmt":"2026-09-05T05:17:12","slug":"sommer-2026-in-oesterreich-aussergewoehnlich-heiss-und-trocken-weiter-angespannte-grundwassersituation","status":"publish","type":"post","link":"https:\/\/www.europesays.com\/at\/376421\/","title":{"rendered":"Sommer 2026 in \u00d6sterreich au\u00dfergew\u00f6hnlich hei\u00df und trocken: Weiter angespannte Grundwassersituation"},"content":{"rendered":"<p>Der Sommer 2026 war in \u00d6sterreich \u00fcberdurchschnittlich hei\u00df und trocken. Das zeigen nun auch die offiziellen Messwerte und Auswertungen des Bundesministeriums f\u00fcr Land- und Forstwirtschaft, Klima- und Umweltschutz, Regionen und Wasserwirtschaft (BMLUK). Die mittlere Lufttemperatur der Monate Juni bis August lag um +2,7 \u00b0C \u00fcber dem klimatologischen Mittel der Periode 1991\u20132020. Gleichzeitig fiel \u00f6sterreichweit 32 Prozent weniger Niederschlag als im langj\u00e4hrigen Durchschnitt. <\/p>\n<p>Das Niederschlagsdefizit betraf das gesamte Bundesgebiet, besonders den Osten des Landes und versch\u00e4rfte zunehmend die Situation beim Wasserhaushalt. Die Trockenheit setzte sich damit nach einem bereits trockenen und niederschlagsarmen Winter 2025\/2026 und Fr\u00fchling 2026 in allen drei Sommermonaten fort. In der heimischen Landwirtschaft hat diese D\u00fcrre historische Sch\u00e4den verursacht. Betroffen sind das gesamte Bundesgebiet und s\u00e4mtliche landwirtschaftlichen Kulturen.<\/p>\n<p>\u201eDer Sommer 2026 zeigt besonders deutlich, wie stark sich anhaltende Hitze und Trockenheit auf unseren Wasserhaushalt auswirken. \u00d6sterreichweit fiel rund 32 Prozent weniger Niederschlag als im langj\u00e4hrigen Durchschnitt \u2013 das macht sich bei unseren Flie\u00dfgew\u00e4ssern ebenso wie beim Grundwasser bemerkbar. Dank konsequenter Investitionen der vergangenen Jahre ist \u00d6sterreich bei der Wasserversorgung gut aufgestellt. Die aktuelle Situation zeigt aber auch, wie wichtig eine vorausschauende Wasserwirtschaft und eine verl\u00e4ssliche Datengrundlage sind. Deshalb investieren wir weiter in die Trinkwasserversorgung von morgen. Mit 250 Millionen Euro bis 2028 st\u00e4rken wir eine sichere und klimafitte Wasserinfrastruktur in ganz \u00d6sterreich. Gerade in Trockenphasen wie diesen kommt es aber ebenso darauf an, mit unserer wertvollsten Ressource Wasser besonders sorgsam umzugehen\u201c, betont Umweltminister Norbert Totschnig.<\/p>\n<p>August setzt hei\u00dfen und trockenen Sommer fort<br \/>Der August 2026 war au\u00dfergew\u00f6hnlich hei\u00df und trocken. Die mittlere Lufttemperatur lag um 3,2 \u00b0C \u00fcber dem langj\u00e4hrigen Mittel. In der ersten Augustwoche wurden regional mehr als 40 \u00b0C erreicht und neue H\u00f6chstwerte gemessen. Gleichzeitig bestand \u00f6sterreichweit ein Niederschlagsdefizit von 33 Prozent. Die hohen Temperaturen f\u00fchrten zu einer weiterhin hohen Verdunstung.<\/p>\n<p>Niedrige Abfl\u00fcsse und Grundwasserst\u00e4nde<br \/>Die anhaltend niederschlagsarme und warme Witterung spiegelte sich zunehmend in den Flie\u00dfgew\u00e4ssern und im Grundwasser wider. Ende August lagen an mehr als 95 Prozent der Pegelmessstellen die monatlichen Abfl\u00fcsse unter den langj\u00e4hrigen Monatsmitteln. In den meisten Regionen wurden Niederwasserverh\u00e4ltnisse beobachtet.<\/p>\n<p>Auch die Grundwasserst\u00e4nde gingen im Verlauf des Sommers zur\u00fcck. Der Anteil der Messstellen mit niedrigen oder sehr niedrigen Grundwasserst\u00e4nden stieg von rund 80 Prozent Ende Mai auf etwa 90 Prozent Ende August. Aufgrund des schneearmen Winters und des trockenen Fr\u00fchjahrs waren die unterdurchschnittlichen Grundwasserst\u00e4nde in Teilen Salzburgs, Ober\u00f6sterreich, Vorarlberg und Tirol trotz der Niederschl\u00e4ge im August st\u00e4rker ausgepr\u00e4gt als in den \u00f6stlichen Bundesl\u00e4ndern, da hier die Grundwasserk\u00f6rper gro\u00dfe Speichervolumen haben.<\/p>\n<p>Entwicklung und Ausblick<br \/>Die Wasserbilanz des Sommers fiel deutlich negativ aus. Die auftretenden Schauer, Gewitter und Starkregenereignisse reichten aufgrund ihrer r\u00e4umlich und zeitlich begrenzten Wirkung kaum f\u00fcr eine nachhaltige Verbesserung der Grundwasserst\u00e4nde und Niederwassersituation aus.<\/p>\n<p>Nach aktuellen Prognosen der GeoSphere Austria sind in den kommenden Tagen keine fl\u00e4chendeckenden Niederschl\u00e4ge zu erwarten. Ab der kommenden Woche wird das Wetter unbest\u00e4ndiger und niederschlagsreicher, mit Niederschlagsmengen etwa im jahreszeitlichen Mittel und sinkender Verdunstung. Auch in der zweiten Septemberh\u00e4lfte sind zeitweise Niederschl\u00e4ge bei weiterhin \u00fcberdurchschnittlichen Temperaturen m\u00f6glich.<\/p>\n<p>Die erwarteten Niederschl\u00e4ge k\u00f6nnen kurzfristig zu einer Entspannung bei Flie\u00dfgew\u00e4ssern und B\u00f6den beitragen, reichen jedoch noch nicht f\u00fcr eine nachhaltige Erholung der Grundwasserst\u00e4nde und der Wasserf\u00fchrung aus. F\u00fcr die weitere Entwicklung des Wasserhaushalts wird entscheidend sein, ob sich ausreichend ergiebige und fl\u00e4chendeckende Niederschlagsphasen einstellen.<\/p>\n<p>Links:<br \/>Bericht \u201eDer Wasserhaushalt \u00d6sterreichs im Sommer 2026\u201c<br \/><a target=\"_blank\" rel=\"noopener noreferrer nofollow\" href=\"https:\/\/www.bmluk.gv.at\/themen\/wasser\/wasser-oesterreich\/hydrographie\/wasserbilanz\/sommer2026.html\"><a href=\"https:\/\/www.bmluk.gv.at\/themen\/wasser\/wasser-oesterreich\/hydrographie\/wasserbilanz\/sommer2026.html\" target=\"_blank\" rel=\"noopener noreferrer nofollow\">https:\/\/www.bmluk.gv.at\/themen\/wasser\/wasser-oesterreich\/hydrographie\/wasserbilanz\/sommer2026.html<\/a><\/p>\n<p>Monatsbericht August 2026<br \/><a target=\"_blank\" rel=\"noopener noreferrer nofollow\" href=\"https:\/\/www.bmluk.gv.at\/themen\/wasser\/wasser-oesterreich\/hydrographie\/wasserbilanz\/charakteristik0826.html\"><a href=\"https:\/\/www.bmluk.gv.at\/themen\/wasser\/wasser-oesterreich\/hydrographie\/wasserbilanz\/charakteristik0826.html\" target=\"_blank\" rel=\"noopener noreferrer nofollow\">https:\/\/www.bmluk.gv.at\/themen\/wasser\/wasser-oesterreich\/hydrographie\/wasserbilanz\/charakteristik0826.html<\/a><\/p>\n","protected":false},"excerpt":{"rendered":"Der Sommer 2026 war in \u00d6sterreich \u00fcberdurchschnittlich hei\u00df und trocken. Das zeigen nun auch die offiziellen Messwerte und&hellip;\n","protected":false},"author":2,"featured_media":376422,"comment_status":"","ping_status":"","sticky":false,"template":"","format":"standard","meta":{"footnotes":"","_share_on_mastodon":"0"},"categories":[6],"tags":[1558,1555,26393,26395,46,42,44,26394,43,45,1993,877],"class_list":["post-376421","post","type-post","status-publish","format-standard","has-post-thumbnail","category-oesterreich","tag-totschnig","tag-umwelt","tag-apa","tag-apa-ots","tag-at","tag-austria","tag-oesterreich","tag-ots","tag-republic-of-austria","tag-republik-oesterreich","tag-wetter","tag-wirtschaft-und-finanzen"],"share_on_mastodon":{"url":"https:\/\/pubeurope.com\/@at\/117216742464133218","error":""},"_links":{"self":[{"href":"https:\/\/www.europesays.com\/at\/wp-json\/wp\/v2\/posts\/376421","targetHints":{"allow":["GET"]}}],"collection":[{"href":"https:\/\/www.europesays.com\/at\/wp-json\/wp\/v2\/posts"}],"about":[{"href":"https:\/\/www.europesays.com\/at\/wp-json\/wp\/v2\/types\/post"}],"author":[{"embeddable":true,"href":"https:\/\/www.europesays.com\/at\/wp-json\/wp\/v2\/users\/2"}],"replies":[{"embeddable":true,"href":"https:\/\/www.europesays.com\/at\/wp-json\/wp\/v2\/comments?post=376421"}],"version-history":[{"count":0,"href":"https:\/\/www.europesays.com\/at\/wp-json\/wp\/v2\/posts\/376421\/revisions"}],"wp:featuredmedia":[{"embeddable":true,"href":"https:\/\/www.europesays.com\/at\/wp-json\/wp\/v2\/media\/376422"}],"wp:attachment":[{"href":"https:\/\/www.europesays.com\/at\/wp-json\/wp\/v2\/media?parent=376421"}],"wp:term":[{"taxonomy":"category","embeddable":true,"href":"https:\/\/www.europesays.com\/at\/wp-json\/wp\/v2\/categories?post=376421"},{"taxonomy":"post_tag","embeddable":true,"href":"https:\/\/www.europesays.com\/at\/wp-json\/wp\/v2\/tags?post=376421"}],"curies":[{"name":"wp","href":"https:\/\/api.w.org\/{rel}","templated":true}]}}