{"id":376489,"date":"2026-09-05T06:14:13","date_gmt":"2026-09-05T06:14:13","guid":{"rendered":"https:\/\/www.europesays.com\/at\/376489\/"},"modified":"2026-09-05T06:14:13","modified_gmt":"2026-09-05T06:14:13","slug":"infektionskrankheit-mehr-als-1-000-faelle-von-west-nil-virus-in-europa-2","status":"publish","type":"post","link":"https:\/\/www.europesays.com\/at\/376489\/","title":{"rendered":"Infektionskrankheit: Mehr als 1.000 F\u00e4lle von West-Nil-Virus in Europa"},"content":{"rendered":"<p class=\"paragraph article__item\">In <a class=\"rtr-entity\" href=\"https:\/\/www.zeit.de\/thema\/europa\" rel=\"nofollow noopener\" target=\"_blank\">Europa<\/a> sind seit Beginn der Saison mehr als 1.000 Infektionen mit dem West-Nil-Virus bekanntgeworden. Insgesamt wurden bis zum vergangenen Donnerstag in sieben europ\u00e4ischen L\u00e4ndern 1.086 F\u00e4lle registriert, bei denen sich die Menschen vor Ort angesteckt hatten \u2013 sie hatten sich also nicht auf Reisen infiziert.\n<\/p>\n<p>Aktuelles<\/p>\n<p>                <a href=\"https:\/\/www.zeit.de\/gesundheit\/2026-08\/ebola-ausbruch-dr-kongo-epidemie-who-gesundheitsversorgung\" data-ct-label=\"Ebola: WHO bef\u00fcrchtet in der DR Kongo schwersten Ebola-Ausbruch jemals\" data-uuid=\"9a75ec14-bf13-4ba0-b999-fa165a4fa725\" rel=\"nofollow noopener\" target=\"_blank\"><\/p>\n<p>                        Ebola:<br \/>\n                        WHO bef\u00fcrchtet in der DR Kongo schwersten Ebola-Ausbruch jemals<\/p>\n<p>                <\/a><\/p>\n<p>                <a href=\"https:\/\/www.zeit.de\/gesundheit\/2026-08\/ebola-ausbruch-kongo-impfstoff-ervebo-who-bundibugyo-gxe\" data-ct-label=\"Ebola-Epidemie: DR Kongo hat die ersten 16.000 Dosen Ebola-Impfstoff erhalten\" data-uuid=\"a4203361-6326-442e-bb29-7fcd86324d71\" rel=\"nofollow noopener\" target=\"_blank\"><\/p>\n<p>                        Ebola-Epidemie:<br \/>\n                        DR Kongo hat die ersten 16.000 Dosen Ebola-Impfstoff erhalten<\/p>\n<p>                <\/a><\/p>\n<p>                <a href=\"https:\/\/www.zeit.de\/gesundheit\/2026-08\/ebola-ausbruch-afrika-usa-demokratische-republik-kongo-donald-trump-gxe\" data-ct-label=\"Ebolaausbruch: USA sagen weitere 242 Millionen Dollar im Kampf gegen Ebola zu\" data-uuid=\"925d908e-ab30-413e-bba0-b5d58c087715\" rel=\"nofollow noopener\" target=\"_blank\"><\/p>\n<p>                        Ebolaausbruch:<br \/>\n                        USA sagen weitere 242 Millionen Dollar im Kampf gegen Ebola zu<\/p>\n<p>                <\/a><\/p>\n<p class=\"paragraph article__item\">In den vergangenen Wochen nahm die Ausbreitung rasant zu: Anfang August waren erst 241 F\u00e4lle in sieben europ\u00e4ischen L\u00e4ndern registriert \u2013 mittlerweile sind 15 L\u00e4nder betroffen, wie das Europ\u00e4ische Zentrum f\u00fcr die Pr\u00e4vention und die Kontrolle von Krankheiten (ECDC) mitteilte.\u00a0\n<\/p>\n<p>                        Italien und Griechenland am st\u00e4rksten betroffen            <\/p>\n<p class=\"paragraph article__item\">Die meisten F\u00e4lle z\u00e4hlen <a class=\"rtr-entity\" href=\"https:\/\/www.zeit.de\/thema\/italien\" rel=\"nofollow noopener\" target=\"_blank\">Italien<\/a> (516), Griechenland (284, davon 11 mit unbekanntem Ursprung der Infektion) und Spanien (88). In Deutschland sind zwei F\u00e4lle bekannt (Stand: 3. September). Auch die deutschen Nachbarl\u00e4nder Frankreich, die Niederlande und \u00d6sterreich verzeichnen F\u00e4lle.\u00a0\n<\/p>\n<p class=\"paragraph article__item\">Insgesamt seien damit 144 Gebiete in Europa betroffen, hie\u00df es weiter. 62 dieser Gebiete liegen in Italien. Die Beh\u00f6rde betonte jedoch, es handele sich nicht um eine umfassende Darstellung des \u00dcbertragungsgeschehens.\n<\/p>\n<p class=\"paragraph article__item\">Etwa 20 Prozent der Infizierten entwickeln laut Robert Koch-Institut (RKI) eine fieberhafte, grippe\u00e4hnliche Erkrankung. Nur etwa jede 100. infizierte Person erkranke schwer. Das <a class=\"rtr-entity\" href=\"https:\/\/www.zeit.de\/thema\/virus\" rel=\"nofollow noopener\" target=\"_blank\">Virus<\/a> werde haupts\u00e4chlich von Stechm\u00fccken zwischen wildlebenden V\u00f6geln \u00fcbertragen. Die M\u00fccken k\u00f6nnten aber auch Menschen infizieren. Das West-Nil-Fieber heile in der Regel komplikationslos aus, nur bei schwer erkrankten Patienten seien Sp\u00e4tfolgen relativ h\u00e4ufig.\n<\/p>\n<p class=\"paragraph article__item\">\u00a9 dpa-infocom, dpa:260905-930-636439\/1<\/p>\n","protected":false},"excerpt":{"rendered":"In Europa sind seit Beginn der Saison mehr als 1.000 Infektionen mit dem West-Nil-Virus bekanntgeworden. Insgesamt wurden bis&hellip;\n","protected":false},"author":2,"featured_media":376490,"comment_status":"","ping_status":"","sticky":false,"template":"","format":"standard","meta":{"footnotes":"","_share_on_mastodon":"0"},"categories":[3],"tags":[76,75,74,377,26704,1012,41,1620,1212],"class_list":["post-376489","post","type-post","status-publish","format-standard","has-post-thumbnail","category-europa","tag-eu","tag-europa","tag-europe","tag-griechenland","tag-infektionskrankheit","tag-italien","tag-news","tag-reisen","tag-virus"],"share_on_mastodon":{"url":"https:\/\/pubeurope.com\/@at\/117216966535420595","error":""},"_links":{"self":[{"href":"https:\/\/www.europesays.com\/at\/wp-json\/wp\/v2\/posts\/376489","targetHints":{"allow":["GET"]}}],"collection":[{"href":"https:\/\/www.europesays.com\/at\/wp-json\/wp\/v2\/posts"}],"about":[{"href":"https:\/\/www.europesays.com\/at\/wp-json\/wp\/v2\/types\/post"}],"author":[{"embeddable":true,"href":"https:\/\/www.europesays.com\/at\/wp-json\/wp\/v2\/users\/2"}],"replies":[{"embeddable":true,"href":"https:\/\/www.europesays.com\/at\/wp-json\/wp\/v2\/comments?post=376489"}],"version-history":[{"count":0,"href":"https:\/\/www.europesays.com\/at\/wp-json\/wp\/v2\/posts\/376489\/revisions"}],"wp:featuredmedia":[{"embeddable":true,"href":"https:\/\/www.europesays.com\/at\/wp-json\/wp\/v2\/media\/376490"}],"wp:attachment":[{"href":"https:\/\/www.europesays.com\/at\/wp-json\/wp\/v2\/media?parent=376489"}],"wp:term":[{"taxonomy":"category","embeddable":true,"href":"https:\/\/www.europesays.com\/at\/wp-json\/wp\/v2\/categories?post=376489"},{"taxonomy":"post_tag","embeddable":true,"href":"https:\/\/www.europesays.com\/at\/wp-json\/wp\/v2\/tags?post=376489"}],"curies":[{"name":"wp","href":"https:\/\/api.w.org\/{rel}","templated":true}]}}