{"id":376501,"date":"2026-09-05T06:22:17","date_gmt":"2026-09-05T06:22:17","guid":{"rendered":"https:\/\/www.europesays.com\/at\/376501\/"},"modified":"2026-09-05T06:22:17","modified_gmt":"2026-09-05T06:22:17","slug":"oesterreichweite-zahlen-der-islam-dominiert-bereits-an-den-wiener-schulen","status":"publish","type":"post","link":"https:\/\/www.europesays.com\/at\/376501\/","title":{"rendered":"\u00d6sterreichweite Zahlen &#8211; Der Islam dominiert bereits an den Wiener Schulen"},"content":{"rendered":"<p>Katholiken nehmen am st\u00e4rksten ab<br \/>Besonders hoch ist der islamische Anteil an den Mittelschulen: Dort lag er bei 49,4 Prozent, an den Polytechnischen Schulen bei 46,8 Prozent. In den Volksschulen waren 39,0 Prozent der Sch\u00fcler islamischen Glaubens, an den Sonderschulen 38,0 Prozent. Zugleich zeigt der F\u00fcnfjahresvergleich eine Verschiebung: Seit 2021\/22 stieg der Anteil der Sch\u00fcler mit islamischem Bekenntnis um 3,6 Prozentpunkte. Der Anteil der Sch\u00fcler ohne Bekenntnis nahm um 1,8 Prozentpunkte zu, jener mit christlichem Bekenntnis sank um 5,5 Prozentpunkte. Am st\u00e4rksten ging der katholische Anteil zur\u00fcck \u2013 um 4,1 Prozentpunkte. Orthodoxe verloren 0,7, Evangelische 0,4 Prozentpunkte.<\/p>\n","protected":false},"excerpt":{"rendered":"Katholiken nehmen am st\u00e4rksten abBesonders hoch ist der islamische Anteil an den Mittelschulen: Dort lag er bei 49,4&hellip;\n","protected":false},"author":2,"featured_media":376502,"comment_status":"","ping_status":"","sticky":false,"template":"","format":"standard","meta":{"footnotes":"","_share_on_mastodon":"0"},"categories":[28],"tags":[46,42,8441,44,79302,181,182,3753],"class_list":["post-376501","post","type-post","status-publish","format-standard","has-post-thumbnail","category-wien","tag-at","tag-austria","tag-deutsch","tag-oesterreich","tag-oesterreichischen-integrationsfonds","tag-vienna","tag-wien","tag-wiener"],"share_on_mastodon":{"url":"https:\/\/pubeurope.com\/@at\/117216997802362708","error":""},"_links":{"self":[{"href":"https:\/\/www.europesays.com\/at\/wp-json\/wp\/v2\/posts\/376501","targetHints":{"allow":["GET"]}}],"collection":[{"href":"https:\/\/www.europesays.com\/at\/wp-json\/wp\/v2\/posts"}],"about":[{"href":"https:\/\/www.europesays.com\/at\/wp-json\/wp\/v2\/types\/post"}],"author":[{"embeddable":true,"href":"https:\/\/www.europesays.com\/at\/wp-json\/wp\/v2\/users\/2"}],"replies":[{"embeddable":true,"href":"https:\/\/www.europesays.com\/at\/wp-json\/wp\/v2\/comments?post=376501"}],"version-history":[{"count":0,"href":"https:\/\/www.europesays.com\/at\/wp-json\/wp\/v2\/posts\/376501\/revisions"}],"wp:featuredmedia":[{"embeddable":true,"href":"https:\/\/www.europesays.com\/at\/wp-json\/wp\/v2\/media\/376502"}],"wp:attachment":[{"href":"https:\/\/www.europesays.com\/at\/wp-json\/wp\/v2\/media?parent=376501"}],"wp:term":[{"taxonomy":"category","embeddable":true,"href":"https:\/\/www.europesays.com\/at\/wp-json\/wp\/v2\/categories?post=376501"},{"taxonomy":"post_tag","embeddable":true,"href":"https:\/\/www.europesays.com\/at\/wp-json\/wp\/v2\/tags?post=376501"}],"curies":[{"name":"wp","href":"https:\/\/api.w.org\/{rel}","templated":true}]}}