{"id":376505,"date":"2026-09-05T06:26:18","date_gmt":"2026-09-05T06:26:18","guid":{"rendered":"https:\/\/www.europesays.com\/at\/376505\/"},"modified":"2026-09-05T06:26:18","modified_gmt":"2026-09-05T06:26:18","slug":"gluecksgefuehle-festival-acts-spielen-alphaville-song-swr-aktuell","status":"publish","type":"post","link":"https:\/\/www.europesays.com\/at\/376505\/","title":{"rendered":"Gl\u00fccksgef\u00fchle-Festival: Acts spielen Alphaville-Song &#8211; SWR Aktuell"},"content":{"rendered":"<p>Nach dem Streit um politische \u00c4u\u00dferungen auf dem &#8222;Gl\u00fccksgef\u00fchle-Festival&#8220; in Hockenheim (Rhein-Neckar-Kreis) erlebt der Alphaville-Song &#8222;Forever Young&#8220; ein Comeback. Mehrere K\u00fcnstlerinnen und K\u00fcnstler nahmen den mehr als 40 Jahre alten Klassiker spontan in ihr Programm auf, <a href=\"https:\/\/www.swr.de\/swraktuell\/baden-wuerttemberg\/mannheim\/nach-alphaville-ausladung-gluecksgefuehle-festival-veranstalter-entschuldigen-sich-100.html\" class=\"link link-inline inline-link\" title=\"Diskussionen um politische \u00c4u\u00dferungen von Marian Gold - Nach Aus- und Einladung: Alphaville will nicht mehr bei &quot;Gl\u00fccksgef\u00fchle-Festival&quot; auftreten\" rel=\"nofollow noopener\" target=\"_blank\">nachdem die Band Alphaville zun\u00e4chst ausgeladen und trotz sp\u00e4terer Wiedereinladung nicht aufgetreten war<\/a>. <\/p>\n<p>S\u00e4nger Tom Gregory er\u00f6ffnete zum Beispiel sein Set mit dem Song. Auch Rapperin Nura spielte den Titel und sagte: &#8222;Wenn man mich bucht, dann kriegt man auf jeden Fall keine unpolitische Show.&#8220; Bereits am Donnerstag, am Abend der Festival-Pre-Party, hatte DJ Alle Farben den Song gespielt.<\/p>\n<p>Hockenheim<\/p>\n<p><a href=\"https:\/\/www.swr.de\/swraktuell\/baden-wuerttemberg\/mannheim\/nach-alphaville-ausladung-gluecksgefuehle-festival-veranstalter-entschuldigen-sich-100.html\" class=\"teasertracking clickzone link\" role=\"presentation\" tabindex=\"-1\" rel=\"nofollow noopener\" target=\"_blank\"><\/p>\n<p><img src=\"https:\/\/www.europesays.com\/at\/wp-content\/uploads\/2026\/09\/1788444279668,alphaville-konzert-gluecksgefuehle-festival-100~_v-1x1@2dXS_-9a91314e681c924f29ec89ca4.jpeg\"   class=\"\" data-copyright=\"Foto: dpa Bildfunk, picture alliance\/dpa | Rolf Vennenbernd\" alt=\"Marian Gold, Frontmann und S\u00e4nger der Band &quot;Alphaville&quot;, steht beim Tourauftakt auf der B\u00fchne (Achivbild).\" width=\"320\" height=\"320\" decoding=\"async\" loading=\"lazy\"\/><\/p>\n<p><\/a><\/p>\n<p><a href=\"https:\/\/www.swr.de\/swraktuell\/baden-wuerttemberg\/mannheim\/nach-alphaville-ausladung-gluecksgefuehle-festival-veranstalter-entschuldigen-sich-100.html\" class=\"teasertracking clickzone link\" rel=\"nofollow noopener\" target=\"_blank\"><\/p>\n<p>Neue Entwicklung nach der Alphaville-Ausladung durch die Veranstalter des &#8222;Gl\u00fccksgef\u00fchle-Festivals&#8220;: Die Veranstalter haben sich bei der Band entschuldigt. Alphaville tritt aber nicht auf.\n<\/p>\n<p><\/a><\/p>\n<p class=\"broadcastinfo\">\n<p>Do.3.9.2026<br \/>\n19:30 Uhr<\/p>\n<p>SWR Aktuell Baden-W\u00fcrttemberg<\/p>\n<p>SWR BW<\/p>\n<p>Ausl\u00f6ser des Konflikts: Bitte um unpolitische Auftritte<\/p>\n<p>Ausl\u00f6ser der <a href=\"https:\/\/www.swr.de\/swraktuell\/baden-wuerttemberg\/mannheim\/konzertabsage-alphaville-gluecksgefuehle-festival-hockenheim-102.html\" class=\"link link-inline inline-link\" title=\"Band-S\u00e4nger spricht von &quot;Maulkorberlass&quot; - Konzert von Alphaville auf &quot;Gl\u00fccksgef\u00fchle-Festival&quot; abgesagt: Das steckt dahinter\" rel=\"nofollow noopener\" target=\"_blank\">Diskussion war der Appell der Veranstalter, bei Auftritten politische \u00c4u\u00dferungen zu unterlassen<\/a>. Das hatte bundesweit f\u00fcr Schlagzeilen und teils heftige Kritik gesorgt. Alphaville wurde schlie\u00dflich von den Veranstaltern wieder eingeladen, lehnte dies jedoch ab.<\/p>\n<p>Mitveranstalter Markus Krampe bezeichnete seine Entscheidung als Fehler. &#8222;Das ist superd\u00e4mlich gewesen&#8220;, sagte er am Freitag bei einer Pressekonferenz. Er h\u00e4tte es begr\u00fc\u00dft, wenn Alphaville nach der Wiedereinladung doch noch aufgetreten w\u00e4re. &#8222;Dann h\u00e4tten wir vielleicht auch ein Zeichen setzen k\u00f6nnen&#8220;, so Krampe weiter.<\/p>\n<p><img src=\"https:\/\/www.europesays.com\/at\/wp-content\/uploads\/2026\/09\/1788539086289,gluecksgefuehle-festival-hockenheim-118~_v-16x9@2dS_-6be50a9c75559ca1aaf1d0b25bae287af.jpeg\"   class=\"\" data-copyright=\"Foto: SWR\" alt=\"&quot;Gl\u00fccksgef\u00fchle-Festival&quot; in Hockenheim\" width=\"320\" height=\"180\" decoding=\"async\" loading=\"lazy\"\/><\/p>\n<p>&#8222;Gl\u00fccksgef\u00fchle-Festival&#8220; in Hockenheim: Am Wochenende werden laut Veranstalter bis zu 250.000 Menschen erwartet.<\/p>\n<p><a href=\"https:\/\/www.swr.de\" rel=\"external nofollow noopener\" class=\"link\" tabindex=\"-1\" itemprop=\"url\" target=\"_blank\"><br \/>\nSWR<br \/>\n<\/a><\/p>\n<p>Weitere K\u00fcnstler sagen Auftritte ab oder \u00e4u\u00dfern Kritik<\/p>\n<p>Auch DJ &#8222;Beauty &amp; the Beats&#8220; sagte seinen Auftritt ab. Auf Instagram teilte er mit, es sei normale Zivilcourage, sich f\u00fcr Demokratie auszusprechen. DJ Felix Jaehn kritisierte die Haltung der Veranstalter ebenfalls. &#8222;Seit wann soll Kunst unpolitisch sein?&#8220;, fragte Jaehn in einem Beitrag in den Sozialen Medien. Als queere und non-bin\u00e4re Person werde Jaehn sich nicht das Recht nehmen lassen, sich gegen eine Partei auszusprechen, die in Teilen als gesichert rechtsextrem eingestuft sei. Jaehn k\u00fcndigte an, die B\u00fchne am Samstagnachmittag f\u00fcr eine entsprechende Botschaft nutzen zu wollen.<\/p>\n<p>Mannheim<\/p>\n<p><a href=\"https:\/\/www.swr.de\/swraktuell\/baden-wuerttemberg\/mannheim\/interview-popakademie-chef-eklat-alphaville-gluecksgefuehle-festival-100.html\" class=\"teasertracking clickzone link\" role=\"presentation\" tabindex=\"-1\" rel=\"nofollow noopener\" target=\"_blank\"><\/p>\n<p><img src=\"https:\/\/www.europesays.com\/at\/wp-content\/uploads\/2026\/09\/1788539087861,popakademie-mannheim-derek-von-krogh-100~_v-1x1@2dXS_-9a91314e681c924f29ec89ca45e4e12f.jpeg\"   class=\"\" data-copyright=\"Foto: Arthur Bauer\" alt=\"Derek von Krogh\" width=\"320\" height=\"320\" decoding=\"async\" loading=\"lazy\"\/><\/p>\n<p><\/a><\/p>\n<p><a href=\"https:\/\/www.swr.de\/swraktuell\/baden-wuerttemberg\/mannheim\/interview-popakademie-chef-eklat-alphaville-gluecksgefuehle-festival-100.html\" class=\"teasertracking clickzone link\" rel=\"nofollow noopener\" target=\"_blank\"><br \/>\n&#8222;Gl\u00fccksgef\u00fchle-Festival&#8220;: Diskussion um Alphaville-Ausladung<br \/>\nInterview mit Mannheimer Popakademie-Chef: &#8222;Keine politische Haltung zu haben, ist auch eine Haltung&#8220;<br \/>\n<\/a><\/p>\n<p><a href=\"https:\/\/www.swr.de\/swraktuell\/baden-wuerttemberg\/mannheim\/interview-popakademie-chef-eklat-alphaville-gluecksgefuehle-festival-100.html\" class=\"teasertracking clickzone link\" rel=\"nofollow noopener\" target=\"_blank\"><\/p>\n<p>Der Eklat um die Ausladung der Band &#8222;Alphaville&#8220; beim &#8222;Gl\u00fccksgef\u00fchle-Festival&#8220;: Mannheims Popakademie-Chef sagt, dass damit eine Diskussion in Gang kam, die &#8222;einfach mal dran war.&#8220;\n<\/p>\n<p><\/a><\/p>\n<p>Lukas Podolski: &#8222;Jeder macht irgendwie mal ein Missgeschick&#8220;<\/p>\n<p>Mitveranstalter Lukas Podolski stellte sich trotz der Kontroverse hinter Markus Krampe: &#8222;Jeder macht irgendwie mal ein Missgeschick, einen Fehler im Leben&#8220;, sagte der 41-J\u00e4hrige. Dann gehe das Leben aber auch weiter. Es w\u00e4re sch\u00f6n, wenn man sich nach dem Festival &#8222;nochmal irgendwie aussprechen&#8220; k\u00f6nne. <\/p>\n<p>Au\u00dferdem warnte Podolski Kritiker vor Beleidigungen in den Sozialen Medien. Er lasse weder seine Familie noch sich selbst beleidigen und wolle sich nicht in eine politische Ecke dr\u00e4ngen lassen. <\/p>\n<p>Das Festivalprogramm endet in der Nacht auf Sonntag und ist laut den Veranstaltern mit 250.000 Zuschauerinnen und Zuschauern ausverkauft. Lukas Podolski und Markus Krampe organisieren das &#8222;Gl\u00fccksgef\u00fchle-Festival&#8220; seit 2023. Es gilt als das gr\u00f6\u00dfte Musikfestival Deutschlands. <\/p>\n","protected":false},"excerpt":{"rendered":"Nach dem Streit um politische \u00c4u\u00dferungen auf dem &#8222;Gl\u00fccksgef\u00fchle-Festival&#8220; in Hockenheim (Rhein-Neckar-Kreis) erlebt der Alphaville-Song &#8222;Forever Young&#8220; ein&hellip;\n","protected":false},"author":2,"featured_media":376506,"comment_status":"","ping_status":"","sticky":false,"template":"","format":"standard","meta":{"footnotes":"","_share_on_mastodon":"0"},"categories":[24],"tags":[46,42,147,153,154,44,148],"class_list":["post-376505","post","type-post","status-publish","format-standard","has-post-thumbnail","category-musik","tag-at","tag-austria","tag-entertainment","tag-music","tag-musik","tag-oesterreich","tag-unterhaltung"],"share_on_mastodon":{"url":"https:\/\/pubeurope.com\/@at\/117217014396722511","error":""},"_links":{"self":[{"href":"https:\/\/www.europesays.com\/at\/wp-json\/wp\/v2\/posts\/376505","targetHints":{"allow":["GET"]}}],"collection":[{"href":"https:\/\/www.europesays.com\/at\/wp-json\/wp\/v2\/posts"}],"about":[{"href":"https:\/\/www.europesays.com\/at\/wp-json\/wp\/v2\/types\/post"}],"author":[{"embeddable":true,"href":"https:\/\/www.europesays.com\/at\/wp-json\/wp\/v2\/users\/2"}],"replies":[{"embeddable":true,"href":"https:\/\/www.europesays.com\/at\/wp-json\/wp\/v2\/comments?post=376505"}],"version-history":[{"count":0,"href":"https:\/\/www.europesays.com\/at\/wp-json\/wp\/v2\/posts\/376505\/revisions"}],"wp:featuredmedia":[{"embeddable":true,"href":"https:\/\/www.europesays.com\/at\/wp-json\/wp\/v2\/media\/376506"}],"wp:attachment":[{"href":"https:\/\/www.europesays.com\/at\/wp-json\/wp\/v2\/media?parent=376505"}],"wp:term":[{"taxonomy":"category","embeddable":true,"href":"https:\/\/www.europesays.com\/at\/wp-json\/wp\/v2\/categories?post=376505"},{"taxonomy":"post_tag","embeddable":true,"href":"https:\/\/www.europesays.com\/at\/wp-json\/wp\/v2\/tags?post=376505"}],"curies":[{"name":"wp","href":"https:\/\/api.w.org\/{rel}","templated":true}]}}