{"id":376519,"date":"2026-09-05T06:33:16","date_gmt":"2026-09-05T06:33:16","guid":{"rendered":"https:\/\/www.europesays.com\/at\/376519\/"},"modified":"2026-09-05T06:33:16","modified_gmt":"2026-09-05T06:33:16","slug":"heuer-schon-ueber-1-000-west-nil-faelle-in-europa","status":"publish","type":"post","link":"https:\/\/www.europesays.com\/at\/376519\/","title":{"rendered":"Heuer schon \u00fcber 1.000 West-Nil-F\u00e4lle in Europa"},"content":{"rendered":"<p>In Europa sind seit Beginn der Saison mehr als 1.000 Infektionen mit dem West-Nil-Virus bekanntgeworden. Insgesamt wurden bis zum vergangenen Donnerstag in sieben europ\u00e4ischen L\u00e4ndern 1.086 F\u00e4lle registriert, bei denen sich die Menschen vor Ort angesteckt hatten \u2013 sie hatten sich also nicht auf Reisen infiziert.<\/p>\n<p class=\"klz-story-element-paragraph klz-text-copy\" data-testid=\"article-paragraph\">In den vergangenen Wochen nahm die Ausbreitung rasant zu: Anfang August waren erst 241 F\u00e4lle in sieben europ\u00e4ischen L\u00e4ndern registriert \u2013 mittlerweile sind 15 L\u00e4nder betroffen, wie das Europ\u00e4ische Zentrum f\u00fcr die Pr\u00e4vention und die Kontrolle von Krankheiten (ECDC) mitteilte.<\/p>\n<p class=\"klz-story-element-paragraph klz-text-copy\" data-testid=\"article-paragraph\">Die meisten F\u00e4lle z\u00e4hlen Italien (516), Griechenland (284, davon 11 mit unbekanntem Ursprung der Infektion) und Spanien (88). In Deutschland sind zwei F\u00e4lle bekannt (Stand: 3. September). Auch \u00d6sterreich, Frankreich und die Niederlande verzeichnen F\u00e4lle.<\/p>\n<p class=\"klz-story-element-paragraph klz-text-copy\" data-testid=\"article-paragraph\">Insgesamt seien damit 144 Gebiete in Europa betroffen, hie\u00df es weiter. 62 dieser Gebiete liegen in Italien. Die Beh\u00f6rde betonte jedoch, es handle sich nicht um eine umfassende Darstellung des \u00dcbertragungsgeschehens.<\/p>\n<p class=\"klz-story-element-paragraph klz-text-copy\" data-testid=\"article-paragraph\">Etwa 20 Prozent der Infizierten entwickeln laut Robert Koch-Institut (RKI) eine fieberhafte, grippe\u00e4hnliche Erkrankung. Nur etwa jede 100. infizierte Person erkranke schwer. Das Virus werde haupts\u00e4chlich von Stechm\u00fccken zwischen wildlebenden V\u00f6geln \u00fcbertragen. Die M\u00fccken k\u00f6nnten aber auch Menschen infizieren. Das West-Nil-Fieber heile in der Regel komplikationslos aus, nur bei schwer erkrankten Patienten seien Sp\u00e4tfolgen relativ h\u00e4ufig.<\/p>\n","protected":false},"excerpt":{"rendered":"In Europa sind seit Beginn der Saison mehr als 1.000 Infektionen mit dem West-Nil-Virus bekanntgeworden. Insgesamt wurden bis&hellip;\n","protected":false},"author":2,"featured_media":376520,"comment_status":"","ping_status":"","sticky":false,"template":"","format":"standard","meta":{"footnotes":"","_share_on_mastodon":"0"},"categories":[3],"tags":[268,76,75,74,916],"class_list":["post-376519","post","type-post","status-publish","format-standard","has-post-thumbnail","category-europa","tag-chronik","tag-eu","tag-europa","tag-europe","tag-schweden"],"share_on_mastodon":{"url":"https:\/\/pubeurope.com\/@at\/117217041252579949","error":""},"_links":{"self":[{"href":"https:\/\/www.europesays.com\/at\/wp-json\/wp\/v2\/posts\/376519","targetHints":{"allow":["GET"]}}],"collection":[{"href":"https:\/\/www.europesays.com\/at\/wp-json\/wp\/v2\/posts"}],"about":[{"href":"https:\/\/www.europesays.com\/at\/wp-json\/wp\/v2\/types\/post"}],"author":[{"embeddable":true,"href":"https:\/\/www.europesays.com\/at\/wp-json\/wp\/v2\/users\/2"}],"replies":[{"embeddable":true,"href":"https:\/\/www.europesays.com\/at\/wp-json\/wp\/v2\/comments?post=376519"}],"version-history":[{"count":0,"href":"https:\/\/www.europesays.com\/at\/wp-json\/wp\/v2\/posts\/376519\/revisions"}],"wp:featuredmedia":[{"embeddable":true,"href":"https:\/\/www.europesays.com\/at\/wp-json\/wp\/v2\/media\/376520"}],"wp:attachment":[{"href":"https:\/\/www.europesays.com\/at\/wp-json\/wp\/v2\/media?parent=376519"}],"wp:term":[{"taxonomy":"category","embeddable":true,"href":"https:\/\/www.europesays.com\/at\/wp-json\/wp\/v2\/categories?post=376519"},{"taxonomy":"post_tag","embeddable":true,"href":"https:\/\/www.europesays.com\/at\/wp-json\/wp\/v2\/tags?post=376519"}],"curies":[{"name":"wp","href":"https:\/\/api.w.org\/{rel}","templated":true}]}}