{"id":376535,"date":"2026-09-05T06:45:12","date_gmt":"2026-09-05T06:45:12","guid":{"rendered":"https:\/\/www.europesays.com\/at\/376535\/"},"modified":"2026-09-05T06:45:12","modified_gmt":"2026-09-05T06:45:12","slug":"helene-fischer-kerstin-ott-take-that-goldene-henne-2026-star-auflauf-auf-dem-roten-teppich","status":"publish","type":"post","link":"https:\/\/www.europesays.com\/at\/376535\/","title":{"rendered":"Helene Fischer, Kerstin Ott, \u201eTake That\u201d &#8211; \u201eGoldene Henne\u201c 2026: Star-Auflauf auf dem roten Teppich"},"content":{"rendered":"<p class=\"mb-4 text-lg md:leading-8 break-words\">Diese Verleihung geh\u00f6rt zu den absoluten Highlights des Jahres. Am Freitagabend wurde der Publikumspreis \u201eGoldene Henne&#8220; in den vier Kategorien \u201eFilm &amp; Fernsehen&#8220;, \u201eEntertainment&#8220;, \u201eMusik&#8220; und \u201eSport&#8220; verliehen. Moderiert wurde die glamour\u00f6se Gala von <a data-ylk=\"slk:Florian Silbereisen;elm:context_link;itc:0;sec:content-canvas;\" data-yga=\"{&quot;yLinkElement&quot;:&quot;link&quot;,&quot;yLinkElementType&quot;:&quot;article_link&quot;}\" href=\"https:\/\/www.bunte.de\/starprofile\/florian-silbereisen.html\" rel=\"noopener noreferrer nofollow\" target=\"_blank\">Florian Silbereisen<\/a> (45) und <a data-ylk=\"slk:Esther Sedlaczek;elm:context_link;itc:0;sec:content-canvas;\" data-yga=\"{&quot;yLinkElement&quot;:&quot;link&quot;,&quot;yLinkElementType&quot;:&quot;article_link&quot;}\" href=\"https:\/\/www.bunte.de\/thema\/starprofile\/esther-sedlaczek_c4ab3e99-c2c8-40a1-bb1e-f7a52ecd86ba.html\" rel=\"noopener noreferrer nofollow\" target=\"_blank\">Esther Sedlaczek<\/a> (40).<\/p>\n<p class=\"mb-4 text-lg md:leading-8 break-words\">Zuvor gab es einen wahren Star-Auflauf auf dem roten Teppich. Unter den Feiernden: unter anderem S\u00e4ngerin Kerstin Ott, Entertainer Hape Kerkeling, TV-K\u00f6chin Sarah Wiener, die beiden Comedians Felix Lobrecht und Olaf Schubert sowie Der Graf von Unheilig und \u201eTake That&#8220;.<\/p>\n<p class=\"mb-4 text-lg md:leading-8 break-words\">Wir zeigen euch die besten Bilder im Video oben.<\/p>\n<p>Das sind die \u201eGoldene Henne&#8220;-Preistr\u00e4gerHelene Fischer feiert Premiere ihrer neuen Single<\/p>\n<p class=\"mb-4 text-lg md:leading-8 break-words\">W\u00e4hrend die ersten G\u00e4ste zum Messegel\u00e4nde eilten, probte Schlager-Star <a data-ylk=\"slk:Helene Fischer;elm:context_link;itc:0;sec:content-canvas;\" data-yga=\"{&quot;yLinkElement&quot;:&quot;link&quot;,&quot;yLinkElementType&quot;:&quot;article_link&quot;}\" href=\"https:\/\/www.bunte.de\/thema\/starprofile\/helene-fischer_c61e620e-013f-420b-bb68-998d21e45331.html\" rel=\"noopener noreferrer nofollow\" target=\"_blank\">Helene Fischer<\/a> (42) noch ihren Auftritt. F\u00fcr die Show hatte sie sich etwas ganz Besonderes ausgedacht. So feierte sie TV-Premiere mit ihrer neuen Single \u201eAn meiner Seite&#8220;.<\/p>\n<p>Goldene Henne zu Ehren von Helga Hahnemann<\/p>\n<p class=\"mb-4 text-lg md:leading-8 break-words\">Die Verleihung der \u201eGoldenen Henne&#8220; fand ihren Ursprung 1995, von der Zeitschrift \u201eSuperIllu&#8220; ins Leben gerufen. Der gr\u00f6\u00dfte Publikumspreis Deutschlands wurde zu Ehren der 1991 verstorbenen Ost-Berliner Entertainerin Helga Hahnemann ins Leben gerufen und w\u00fcrdigt j\u00e4hrlich K\u00fcnstler und K\u00fcnstlerinnen.<\/p>\n<p>Die sch\u00f6nsten Looks auf dem roten Teppich<\/p>\n<p class=\"mb-4 text-lg md:leading-8 break-words\">Nat\u00fcrlich konnten sich auch die Looks der Stars sehen lassen. Die sch\u00f6nsten zeigen wir hier:<\/p>\n","protected":false},"excerpt":{"rendered":"Diese Verleihung geh\u00f6rt zu den absoluten Highlights des Jahres. Am Freitagabend wurde der Publikumspreis \u201eGoldene Henne&#8220; in den&hellip;\n","protected":false},"author":2,"featured_media":376536,"comment_status":"","ping_status":"","sticky":false,"template":"","format":"standard","meta":{"footnotes":"","_share_on_mastodon":"0"},"categories":[24],"tags":[46,42,147,64465,6182,66828,153,154,44,148],"class_list":["post-376535","post","type-post","status-publish","format-standard","has-post-thumbnail","category-musik","tag-at","tag-austria","tag-entertainment","tag-goldene-henne","tag-helene-fischer","tag-kerstin-ott","tag-music","tag-musik","tag-oesterreich","tag-unterhaltung"],"share_on_mastodon":{"url":"https:\/\/pubeurope.com\/@at\/117217088378010622","error":""},"_links":{"self":[{"href":"https:\/\/www.europesays.com\/at\/wp-json\/wp\/v2\/posts\/376535","targetHints":{"allow":["GET"]}}],"collection":[{"href":"https:\/\/www.europesays.com\/at\/wp-json\/wp\/v2\/posts"}],"about":[{"href":"https:\/\/www.europesays.com\/at\/wp-json\/wp\/v2\/types\/post"}],"author":[{"embeddable":true,"href":"https:\/\/www.europesays.com\/at\/wp-json\/wp\/v2\/users\/2"}],"replies":[{"embeddable":true,"href":"https:\/\/www.europesays.com\/at\/wp-json\/wp\/v2\/comments?post=376535"}],"version-history":[{"count":0,"href":"https:\/\/www.europesays.com\/at\/wp-json\/wp\/v2\/posts\/376535\/revisions"}],"wp:featuredmedia":[{"embeddable":true,"href":"https:\/\/www.europesays.com\/at\/wp-json\/wp\/v2\/media\/376536"}],"wp:attachment":[{"href":"https:\/\/www.europesays.com\/at\/wp-json\/wp\/v2\/media?parent=376535"}],"wp:term":[{"taxonomy":"category","embeddable":true,"href":"https:\/\/www.europesays.com\/at\/wp-json\/wp\/v2\/categories?post=376535"},{"taxonomy":"post_tag","embeddable":true,"href":"https:\/\/www.europesays.com\/at\/wp-json\/wp\/v2\/tags?post=376535"}],"curies":[{"name":"wp","href":"https:\/\/api.w.org\/{rel}","templated":true}]}}