{"id":376573,"date":"2026-09-05T07:08:08","date_gmt":"2026-09-05T07:08:08","guid":{"rendered":"https:\/\/www.europesays.com\/at\/376573\/"},"modified":"2026-09-05T07:08:08","modified_gmt":"2026-09-05T07:08:08","slug":"mit-7-schrauben-zurueck-klubarzt-des-lask-operierte-bw-linz-star-ronivaldo-krone-at","status":"publish","type":"post","link":"https:\/\/www.europesays.com\/at\/376573\/","title":{"rendered":"Mit 7 Schrauben zur\u00fcck &#8211; Klubarzt des LASK operierte BW-Linz-Star Ronivaldo &#8211; krone.at"},"content":{"rendered":"<p><a href=\"https:\/\/news.google.com\/rss\/articles\/CBMiQkFVX3lxTE43c0pzLUpNbEdLMGhNY3k4c2JueG1qVWFRbE9iaUVwTUFDOU5rTlJLWHVtekhNamd2Q05EZldlbm5IZw?oc=5\" target=\"_blank\" rel=\"nofollow noopener\">Mit 7 Schrauben zur\u00fcck &#8211; Klubarzt des LASK operierte BW-Linz-Star Ronivaldo<\/a>&nbsp;&nbsp;krone.at<a href=\"https:\/\/news.google.com\/rss\/articles\/CBMiiwFBVV95cUxPQ2VsbXYtSnFrRVJiTjB1TWlvLU1qOXJac2R1VHRpY2h6Y1hXQlR0VkZkdE9Xenc5MXRzMXhLSDd5cUo4SlV0T3ZpejdGNDFoT3VzeW5kcG9XUEhoQ0hNenNESnhHaWJyMjhtTXRlN3k3alFLYzgzc3Qtd1JYbm4ySnJNRzFRejRsRmJB?oc=5\" target=\"_blank\" rel=\"nofollow noopener\">Cupschlager im Hofmann Personal Stadion<\/a>&nbsp;&nbsp;FC Blau-Wei\u00df Linz<a href=\"https:\/\/news.google.com\/rss\/articles\/CBMitgFBVV95cUxQVEotWWVBQ2NQN1NETFhfM1dFUm5IbmZ1OThCNml3Y21jVW0tR2hKaUxpSmRSd09USnZITVRnRFhYUG9XVVRaTnpjbmFsSzhueDJ5SGVjS1lGZm5sWlR6cjJSa29aYndJTFhhMl9LMXRUdWcyTUNxQ3RPX2stRklkOGpXdGRwaENqQTFXRHVRSEM4REZTN1ExTXZrMUdMT3ByT3NYdjVNbUlWQzBUMjdOZmUzUWFTQQ?oc=5\" target=\"_blank\" rel=\"nofollow noopener\">\u00d6FB-Cup: Wacker Innsbruck mit Verst\u00e4rkungen zum FC Blau-Wei\u00df Linz<\/a>&nbsp;&nbsp;Ligaportal<a href=\"https:\/\/news.google.com\/rss\/articles\/CBMiogFBVV95cUxOSFl5UUtJUFRhWG5PcDV5UnJyaTFjTE5fTk9jdkt0MXBrcWUzRHRkUU9IYUZFUjZmeE85TlJvdFBRZ1lkNFJEdC1ReWRGVks5d0liNThWbUxvYnd0ZTNCUUtKQWRjNlltUlFMc29yWjE2dndrZnNralFGR055MTNFaWpsaHpoMmprZzhVNGF1VzlLWXZfQkw4LWxhVTBKQU9Mc3c?oc=5\" target=\"_blank\" rel=\"nofollow noopener\">Duell mit Ex-Klub: Ronivaldo steht vor Comeback<\/a>&nbsp;&nbsp;LAOLA1<a href=\"https:\/\/news.google.com\/rss\/articles\/CBMiigFBVV95cUxORHhCWVIyYUtWbTBZaF9WUXNUWThMd1A5b3JHcnJiUmhYcE5lZ0p4X0l0N2N2SEdheHV3aWRuRnUzU1lVR0hWRHN4emVEajJkUlhNRExXZHV5bXQtaGJaWGVOU0NiMjVYZzctYUpRS0VNT0tnSEo5Vi0yRkZCbUtBdC1ncEZCVmtSblE?oc=5\" target=\"_blank\" rel=\"nofollow noopener\">Wacker Innsbruck holt Talent von Manchester United<\/a>&nbsp;&nbsp;Sky Sport Austria<\/p>\n","protected":false},"excerpt":{"rendered":"Mit 7 Schrauben zur\u00fcck &#8211; Klubarzt des LASK operierte BW-Linz-Star Ronivaldo&nbsp;&nbsp;krone.atCupschlager im Hofmann Personal Stadion&nbsp;&nbsp;FC Blau-Wei\u00df Linz\u00d6FB-Cup: Wacker&hellip;\n","protected":false},"author":2,"featured_media":376574,"comment_status":"","ping_status":"","sticky":false,"template":"","format":"standard","meta":{"footnotes":"","_share_on_mastodon":"0"},"categories":[18],"tags":[46,42,94119,4840,2264,44,11448,109,108,4296,89372,2780],"class_list":["post-376573","post","type-post","status-publish","format-standard","has-post-thumbnail","category-sport","tag-at","tag-austria","tag-david-haslhofer","tag-manuel-maranda","tag-michael-koellner","tag-oesterreich","tag-ronivaldo","tag-sport","tag-sports","tag-st-poelten","tag-tsarenko","tag-wacker-innsbruck"],"share_on_mastodon":{"url":"https:\/\/pubeurope.com\/@at\/117217179283444758","error":""},"_links":{"self":[{"href":"https:\/\/www.europesays.com\/at\/wp-json\/wp\/v2\/posts\/376573","targetHints":{"allow":["GET"]}}],"collection":[{"href":"https:\/\/www.europesays.com\/at\/wp-json\/wp\/v2\/posts"}],"about":[{"href":"https:\/\/www.europesays.com\/at\/wp-json\/wp\/v2\/types\/post"}],"author":[{"embeddable":true,"href":"https:\/\/www.europesays.com\/at\/wp-json\/wp\/v2\/users\/2"}],"replies":[{"embeddable":true,"href":"https:\/\/www.europesays.com\/at\/wp-json\/wp\/v2\/comments?post=376573"}],"version-history":[{"count":0,"href":"https:\/\/www.europesays.com\/at\/wp-json\/wp\/v2\/posts\/376573\/revisions"}],"wp:featuredmedia":[{"embeddable":true,"href":"https:\/\/www.europesays.com\/at\/wp-json\/wp\/v2\/media\/376574"}],"wp:attachment":[{"href":"https:\/\/www.europesays.com\/at\/wp-json\/wp\/v2\/media?parent=376573"}],"wp:term":[{"taxonomy":"category","embeddable":true,"href":"https:\/\/www.europesays.com\/at\/wp-json\/wp\/v2\/categories?post=376573"},{"taxonomy":"post_tag","embeddable":true,"href":"https:\/\/www.europesays.com\/at\/wp-json\/wp\/v2\/tags?post=376573"}],"curies":[{"name":"wp","href":"https:\/\/api.w.org\/{rel}","templated":true}]}}