{"id":376595,"date":"2026-09-05T07:23:10","date_gmt":"2026-09-05T07:23:10","guid":{"rendered":"https:\/\/www.europesays.com\/at\/376595\/"},"modified":"2026-09-05T07:23:10","modified_gmt":"2026-09-05T07:23:10","slug":"gluecksgefuehle-festival-kuenstler-setzen-zeichen-web-de","status":"publish","type":"post","link":"https:\/\/www.europesays.com\/at\/376595\/","title":{"rendered":"Gl\u00fccksgef\u00fchle-Festival: K\u00fcnstler setzen Zeichen | WEB.DE"},"content":{"rendered":"<p class=\"content__description\" data-speakable=\"\">Wird &#8222;Forever Young&#8220; jetzt wird zum Symbol f\u00fcr Meinungsfreiheit? Warum der Alphaville-Klassiker nach dem Streit um politische \u00c4u\u00dferungen auf dem Gl\u00fccksgef\u00fchle-Festival zu h\u00f6ren ist.<\/p>\n<p data-speakable=\"\">Im Streit um politische \u00c4u\u00dferungen auf dem Gl\u00fccksgef\u00fchle-Festival erlebt der mehr als 40 Jahre alte Alphaville-Klassiker &#8222;Forever Young&#8220; ein kleines Comeback. Nachdem die Band ausgeladen und trotz Wiedereinladung ferngeblieben war, nahmen mehrere K\u00fcnstler den Song spontan in ihr Programm auf dem Hockenheimring auf.<\/p>\n<p data-speakable=\"\">Ausl\u00f6ser war die Bitte der Veranstalter, bei Auftritten nicht \u00fcber Politik zu sprechen. Alphaville wurde zun\u00e4chst ausgeladen, nach zahlreichen Medienberichten \u00fcber die Aktion sp\u00e4ter aber wieder eingeladen &#8211; und blieb dennoch fern. Die Ausladung hatte heftige Kritik hervorgerufen und den Auftakt des Festivals \u00fcberschattet.<\/p>\n<p>Markus Krampe: &#8222;Das ist superd\u00e4mlich gewesen&#8220;<\/p>\n<p data-speakable=\"\">Mitveranstalter Markus Krampe bezeichnete seine urspr\u00fcngliche Entscheidung am Rande des Festivals als Fehler. &#8222;Das ist superd\u00e4mlich gewesen&#8220;, sagte er. Er h\u00e4tte es aber begr\u00fc\u00dft, wenn Alphaville nach der Wiedereinladung aufgetreten w\u00e4re. &#8222;Dann h\u00e4tten wir vielleicht auch ein Zeichen setzen k\u00f6nnen&#8220;, sagte Krampe.<\/p>\n<p data-speakable=\"\">Hintergrund des Konflikts waren politische Aussagen von Alphaville-S\u00e4nger Marian Gold bei einem fr\u00fcheren Konzert. Nach Angaben Krampes hatten sich daraufhin Besucher beschwert &#8211; sie wollten beim Festival abschalten und keine Themen h\u00f6ren, die ohnehin aus den Nachrichten bekannt seien. Deshalb habe er das Management gebeten, politische \u00c4u\u00dferungen auf der B\u00fchne k\u00fcnftig zu unterlassen.<\/p>\n<p>&#8222;Maulkorberlass&#8220; oder &#8222;Good vibes only&#8220;?<\/p>\n<p data-speakable=\"\">Die Veranstalter erkl\u00e4rten, das Festival sei &#8222;komplett unpolitisch&#8220;. Es gehe nicht um Golds politische Haltung, sondern um den Rahmen der Veranstaltung und das Versprechen &#8222;Good vibes only&#8220;. Alphaville wertete die Forderung dagegen als unzul\u00e4ssige Einschr\u00e4nkung der Meinungs-, Rede- und Kunstfreiheit. Gold sprach von einem &#8222;Maulkorberlass&#8220; und einem feindseligen, unn\u00f6tigen Vorgang.<\/p>\n<p data-speakable=\"\">Auch DJ Beauty &amp; the Beats sagte seinen Auftritt ab. Es sei normale Zivilcourage, sich f\u00fcr Demokratie, Vielfalt und Menschenrechte sowie gegen Rechtsextremismus auszusprechen, schrieb er auf Instagram. Der Versuch, K\u00fcnstler mundtot zu machen, sei nicht hinnehmbar.<\/p>\n<p>DJ Jaehn und S\u00e4nger Gregory setzen Zeichen<\/p>\n<p data-speakable=\"\">DJ Felix Jaehn reagierte ebenfalls entsetzt. &#8222;Seit wann soll Kunst unpolitisch sein?&#8220;, fragte er. Als queere und non-bin\u00e4re Person werde er sich nicht das Recht nehmen lassen, sich gegen eine Partei auszusprechen, die in Teilen als gesichert rechtsextrem eingestuft sei. Jaehn k\u00fcndigte an, die B\u00fchne f\u00fcr eine entsprechende Botschaft zu nutzen.<\/p>\n<p data-speakable=\"\">Mitveranstalter <a data-component-name=\"link.semantic\" data-brain-zone=\".42687328.content.textlink_1\" data-component-path=\"content.textlink_1\" href=\"https:\/\/web.de\/magazine\/sport\/thema\/lukas-podolski\" rel=\"nofollow noopener\" target=\"_blank\">Lukas Podolski<\/a> stellte sich trotz der Kontroverse hinter seinen Partner Krampe. &#8222;Jeder macht irgendwie mal ein Missgeschick, einen Fehler im Leben&#8220;, sagte der Ex-Fu\u00dfballnationalspieler. &#8222;Dann geht das Leben aber auch weiter.&#8220; Er f\u00e4nde es aber sch\u00f6n, k\u00f6nne man sich nach dem Festival &#8222;nochmal irgendwie aussprechen&#8220;.<\/p>\n<p>Lukas Podolski warnt vor Beleidigungen<\/p>\n<p data-speakable=\"\">Zugleich warnte Podolski Kritiker vor Beleidigungen in den sozialen Medien. Er lasse weder seine Familie noch sich selbst beleidigen und wolle sich nicht in eine politische Ecke dr\u00e4ngen lassen.<\/p>\n<p data-speakable=\"\">W\u00e4hrend sich die Veranstalter um Schadensbegrenzung bem\u00fchen, scheint gerade die Forderung nach einem unpolitischen Festival die Debatte weiter zu politisieren. S\u00e4nger <a data-component-name=\"link.semantic\" data-brain-zone=\".42687328.content.textlink_2\" data-component-path=\"content.textlink_2\" href=\"https:\/\/web.de\/magazine\/unterhaltung\/thema\/tom-gregory\" rel=\"nofollow noopener\" target=\"_blank\">Tom Gregory<\/a> er\u00f6ffnete sein Set auf der Hauptb\u00fchne mit &#8222;Forever Young&#8220;, auch Rapperin Nura spielte den Klassiker an und sagte: &#8222;Wenn man mich bucht, dann kriegt man auf jeden Fall keine unpolitische Show.&#8220; Bereits am Donnerstagabend hatte DJ Alle Farben den Song beim Vor-Auftakt gespielt.<\/p>\n<p data-speakable=\"\">Rapper Ski Aggu machte sich bei seinem Auftritt ebenfalls f\u00fcr die Freiheit von K\u00fcnstlern starkg. &#8222;Wenn ihr eine Meinung habt, dann lasst sie euch niemals verbieten&#8220;, sagte er bei dem Musik-Event. Es sei &#8222;absolut selbstverst\u00e4ndlich, dass man f\u00fcr Werte eintritt, einsteht, wie Demokratie, Meinungsfreiheit, Freiheit&#8220;, sagte der Musiker. &#8222;Ich finde auch, als K\u00fcnstler sollte man Haltung zeigen k\u00f6nnen und d\u00fcrfen. Man sollte f\u00fcr die Dinge einstehen k\u00f6nnen, f\u00fcr die man steht.&#8220; Er finde es &#8222;absolut cool, wenn K\u00fcnstler das machen&#8220;. Und: &#8222;Solange ich auf einer B\u00fchne stehe, werde ich immer f\u00fcr eine offene Gesellschaft stehen. Und ich will, und ich w\u00fcnsche mir, dass wir alle zusammenhalten.&#8220;<\/p>\n<p>Culcha Candela: Notfalls mit Megaphonen<\/p>\n<p data-speakable=\"\">Die Berliner Band Culcha Candela (&#8222;Hamma&#8220;, &#8222;Monsta&#8220;) will nach eigenen Angaben zwar an ihrem Auftritt auf dem Hockenheimring festhalten. Sie k\u00fcndigte aber an, sich am Samstag (16:00 Uhr) auf der B\u00fchne deutlich und lautstark politisch zu positionieren. <\/p>\n<p data-speakable=\"\">Die Band habe sich immer wieder kritisch \u00fcber die AfD ge\u00e4u\u00dfert. Die meisten Fans w\u00fcssten, dass sie zur Wahl aller anderen Parteien aufrufe, die die Demokratie nicht abschaffen wollten. &#8222;Das h\u00e4tten wir auch beim GG Festival gemacht und werden es jetzt nach dem Eklat eventuell noch ein wenig lauter machen, notfalls mit Megaphonen, falls uns jemand den Stecker zieht&#8220;, hei\u00dft es in einem schriftlichen Statement, das der Deutschen Presse-Agentur vorliegt.<\/p>\n<p data-speakable=\"\">Die Entscheidung der Veranstalter sei &#8222;insgesamt eine sehr, sehr strange Nummer&#8220; gewesen. &#8222;Auch wir wollen, dass die Menschen bei unseren eigenen Konzerten f\u00fcr knapp 2 Stunden ihre Sorgen vergessen und eine gute Zeit haben&#8220;, sagten Culcha Candela. &#8222;Trotzdem stehen wir f\u00fcr Hits, Humor, aber auch f\u00fcr Haltung.&#8220; <\/p>\n<p>Empfohlenes Video<\/p>\n<p>Warum kauft keiner Konzerttickets? Gabriel Kelly antwortet<\/p>\n<p><img loading=\"lazy\" decoding=\"async\" src=\"https:\/\/www.europesays.com\/at\/wp-content\/uploads\/2026\/09\/1788592990_159_42577540,pd=3,f=responsive169-w950.jpg\" alt=\"\" width=\"950\" height=\"534\"\/><\/p>\n<p>\u00a9 Video-Redaktion<\/p>\n<p>S\u00e4ngerin Mia Julia nimmt Veranstalter in Schutz <\/p>\n<p data-speakable=\"\">Auch die Partyschlagers\u00e4ngerin Mia Julia \u00e4u\u00dferte sich politisch: &#8222;Ich steh&#8216; f\u00fcr Toleranz, ich steh&#8216; f\u00fcr freie Liebe und ich steh&#8216; auch f\u00fcr Vielfalt&#8220;, rief sie den Fans von der B\u00fchne aus zu. &#8222;In der heutigen Zeit k\u00f6nnen wir nicht den Mund halten. Wir m\u00fcssen den Mund aufmachen, um gewisse Augen zu \u00f6ffnen.&#8220; <\/p>\n<p>Empfehlungen der Redaktion<\/p>\n<p data-speakable=\"\">Die 39-J\u00e4hrige nahm aber auch Veranstalter Krampe in Schutz: &#8222;Ich kenn&#8216; Markus seit vielen Jahren&#8220;, sagte sie. &#8222;Ich wei\u00df, was der Grundgedanke war. Ich versteh&#8216;, was er meint. Aber in der heutigen Zeit ist das einfach schwierig.&#8220; <\/p>\n<p data-speakable=\"\">Das Festival dauert bis Sonntag. Es ist nach Angaben der Veranstalter mit 250.000 Zuschauern ausverkauft. Podolski und Krampe organisieren es seit 2023. (dpa\/bearbeitet von vit)<\/p>\n","protected":false},"excerpt":{"rendered":"Wird &#8222;Forever Young&#8220; jetzt wird zum Symbol f\u00fcr Meinungsfreiheit? Warum der Alphaville-Klassiker nach dem Streit um politische \u00c4u\u00dferungen&hellip;\n","protected":false},"author":2,"featured_media":376596,"comment_status":"","ping_status":"","sticky":false,"template":"","format":"standard","meta":{"footnotes":"","_share_on_mastodon":"0"},"categories":[24],"tags":[46,42,147,93944,94121,13278,13281,153,154,44,94122,148],"class_list":["post-376595","post","type-post","status-publish","format-standard","has-post-thumbnail","category-musik","tag-at","tag-austria","tag-entertainment","tag-felix-jaehn","tag-forever-young","tag-lukas-podolski","tag-markus-krampe","tag-music","tag-musik","tag-oesterreich","tag-tom-gregory","tag-unterhaltung"],"share_on_mastodon":{"url":"https:\/\/pubeurope.com\/@at\/117217237994489832","error":""},"_links":{"self":[{"href":"https:\/\/www.europesays.com\/at\/wp-json\/wp\/v2\/posts\/376595","targetHints":{"allow":["GET"]}}],"collection":[{"href":"https:\/\/www.europesays.com\/at\/wp-json\/wp\/v2\/posts"}],"about":[{"href":"https:\/\/www.europesays.com\/at\/wp-json\/wp\/v2\/types\/post"}],"author":[{"embeddable":true,"href":"https:\/\/www.europesays.com\/at\/wp-json\/wp\/v2\/users\/2"}],"replies":[{"embeddable":true,"href":"https:\/\/www.europesays.com\/at\/wp-json\/wp\/v2\/comments?post=376595"}],"version-history":[{"count":0,"href":"https:\/\/www.europesays.com\/at\/wp-json\/wp\/v2\/posts\/376595\/revisions"}],"wp:featuredmedia":[{"embeddable":true,"href":"https:\/\/www.europesays.com\/at\/wp-json\/wp\/v2\/media\/376596"}],"wp:attachment":[{"href":"https:\/\/www.europesays.com\/at\/wp-json\/wp\/v2\/media?parent=376595"}],"wp:term":[{"taxonomy":"category","embeddable":true,"href":"https:\/\/www.europesays.com\/at\/wp-json\/wp\/v2\/categories?post=376595"},{"taxonomy":"post_tag","embeddable":true,"href":"https:\/\/www.europesays.com\/at\/wp-json\/wp\/v2\/tags?post=376595"}],"curies":[{"name":"wp","href":"https:\/\/api.w.org\/{rel}","templated":true}]}}