{"id":376625,"date":"2026-09-05T07:42:09","date_gmt":"2026-09-05T07:42:09","guid":{"rendered":"https:\/\/www.europesays.com\/at\/376625\/"},"modified":"2026-09-05T07:42:09","modified_gmt":"2026-09-05T07:42:09","slug":"goldene-henne-fuer-unheilig-saenger-und-helene-fischer-suedtirol-news","status":"publish","type":"post","link":"https:\/\/www.europesays.com\/at\/376625\/","title":{"rendered":"Goldene Henne f\u00fcr Unheilig-S\u00e4nger und Helene Fischer \u2013 S\u00fcdtirol News"},"content":{"rendered":"<p>Von: importer<\/p>\n<p>Nach seinem emotionalen B\u00fchnen-Comeback bei der Gala im vergangenen Jahr ist Unheilig-S\u00e4nger Der Graf bei der Verleihung der Goldenen Henne 2026 mit einem Publikumspreis ausgezeichnet worden. \u201cIch bin wirklich \u00fcberw\u00e4ltigt\u201d, sagte der Musiker in seiner Dankesrede \u2013 und das sah man ihm auch an. Der Graf erhielt den Medienpreis in der Kategorie Musik.<\/p>\n<p>Insgesamt wurden in der Live-Sendung am Freitagabend auf der Leipziger Messe elf Preise an Stars aus Musik, Film, Entertainment und Sport sowie an Alltagshelden verliehen. Moderiert wurde die Veranstaltung von Esther Sedlaczek und Florian Silbereisen. Hinter der Goldenen Henne stehen MDR und \u201cSuperIllu\u201d in Zusammenarbeit mit NDR, BR und rbb.<\/p>\n<p>Die weiteren Publikumspreise gingen an Comedian und Podcaster Felix Lobrecht, die Paarlauf-Weltmeister Minerva Hase und Nikita Volodin und Entertainer Hape Kerkeling. Ehrenpreise erhielten unter anderem die S\u00e4ngerin Helene Fischer, die britische Boyband Take That, die Fernsehserie \u201cBabylon Berlin\u201d und Majeed Yarim, der nach der Amokfahrt in Leipzig im Mai als Ersthelfer vor Ort war.<\/p>\n<p>Armin Mueller-Stahl erh\u00e4lt Goldene Henne f\u00fcr Lebenswerk<\/p>\n<p>Der Schauspieler Armin Mueller-Stahl erhielt eine Goldene Henne f\u00fcr sein Lebenswerk. Der 95-J\u00e4hrige nahm die Auszeichnung pers\u00f6nlich entgegen. Mueller-Stahl geh\u00f6rt zu den wenigen K\u00fcnstlern, die sowohl in der DDR als auch in der Bundesrepublik Erfolge feierten. Sp\u00e4ter gelangen ihm auch in Hollywood hochgelobte Filme.<\/p>\n<p>\u201cNebenbei gesagt, bin ich ja schon mehrmals f\u00fcr mein Lebenswerk ausgezeichnet worden. Immer zu fr\u00fch\u201d, sagte Mueller-Stahl bei der \u00dcbergabe des Preises. Die Henne ist nah an seinem 96. Geburtstag. Und er sei froh, dass er noch hier sei. \u201cUnd noch bleibe ich hier\u201d, sagte der Schauspieler weiter.<\/p>\n<p>Die Goldene Henne ist eine aus Bronze gegossene Skulptur. Seit 1995 wird sie j\u00e4hrlich in Erinnerung an die 1991 verstorbene Entertainerin Helga Hahnemann vergeben. Rekordpreistr\u00e4gerin ist Helene Fischer mit inzwischen neun Auszeichnungen.<\/p>\n","protected":false},"excerpt":{"rendered":"Von: importer Nach seinem emotionalen B\u00fchnen-Comeback bei der Gala im vergangenen Jahr ist Unheilig-S\u00e4nger Der Graf bei der&hellip;\n","protected":false},"author":2,"featured_media":376626,"comment_status":"","ping_status":"","sticky":false,"template":"","format":"standard","meta":{"footnotes":"","_share_on_mastodon":"0"},"categories":[24],"tags":[46,42,147,2178,153,154,44,148],"class_list":["post-376625","post","type-post","status-publish","format-standard","has-post-thumbnail","category-musik","tag-at","tag-austria","tag-entertainment","tag-leute","tag-music","tag-musik","tag-oesterreich","tag-unterhaltung"],"share_on_mastodon":{"url":"https:\/\/pubeurope.com\/@at\/117217312280926436","error":""},"_links":{"self":[{"href":"https:\/\/www.europesays.com\/at\/wp-json\/wp\/v2\/posts\/376625","targetHints":{"allow":["GET"]}}],"collection":[{"href":"https:\/\/www.europesays.com\/at\/wp-json\/wp\/v2\/posts"}],"about":[{"href":"https:\/\/www.europesays.com\/at\/wp-json\/wp\/v2\/types\/post"}],"author":[{"embeddable":true,"href":"https:\/\/www.europesays.com\/at\/wp-json\/wp\/v2\/users\/2"}],"replies":[{"embeddable":true,"href":"https:\/\/www.europesays.com\/at\/wp-json\/wp\/v2\/comments?post=376625"}],"version-history":[{"count":0,"href":"https:\/\/www.europesays.com\/at\/wp-json\/wp\/v2\/posts\/376625\/revisions"}],"wp:featuredmedia":[{"embeddable":true,"href":"https:\/\/www.europesays.com\/at\/wp-json\/wp\/v2\/media\/376626"}],"wp:attachment":[{"href":"https:\/\/www.europesays.com\/at\/wp-json\/wp\/v2\/media?parent=376625"}],"wp:term":[{"taxonomy":"category","embeddable":true,"href":"https:\/\/www.europesays.com\/at\/wp-json\/wp\/v2\/categories?post=376625"},{"taxonomy":"post_tag","embeddable":true,"href":"https:\/\/www.europesays.com\/at\/wp-json\/wp\/v2\/tags?post=376625"}],"curies":[{"name":"wp","href":"https:\/\/api.w.org\/{rel}","templated":true}]}}