{"id":376631,"date":"2026-09-05T07:46:10","date_gmt":"2026-09-05T07:46:10","guid":{"rendered":"https:\/\/www.europesays.com\/at\/376631\/"},"modified":"2026-09-05T07:46:10","modified_gmt":"2026-09-05T07:46:10","slug":"erste-niederlage-fuer-mourinho-real-madrid-verliert-bei-betis","status":"publish","type":"post","link":"https:\/\/www.europesays.com\/at\/376631\/","title":{"rendered":"Erste Niederlage f\u00fcr Mourinho! Real Madrid verliert bei Betis"},"content":{"rendered":"<p><a href=\"https:\/\/www.laola1.at\/de\/daten\/news\/fussball\/real-madrid\/\" class=\"tag\" rel=\"nofollow noopener\" target=\"_blank\">Real Madrid<\/a> kassiert die erste Niederlage in dieser Saison.<\/p>\n<p>Am vierten Spieltag von LaLiga verlieren die &#8222;Blancos&#8220; mit 0:1 bei Real Betis. Troy Parrott erzielt das entscheidende Tor f\u00fcr die Hausherren, die anf\u00e4nglich nicht so richtig ins Schwitzen geraten.<\/p>\n<p><a href=\"https:\/\/www.laola1.at\/de\/daten\/news\/fussball\/vinicius-junior\/\" class=\"tag\" rel=\"nofollow noopener\" target=\"_blank\">Vinicius Junior<\/a> (18.) hat mit seinem Stangenschuss die erste gute M\u00f6glichkeit. Doch auch Betis kommt zu Gelegenheiten. Erst am Ende der ersten H\u00e4lfte dr\u00e4ngt Real auf die F\u00fchrung. Mbappes Schuss (42.) wird von Bartra geblockt, Valles vereitelt einen Bellingham-Kopfball (45.).<\/p>\n<p>Eine wilde Schlussphase<\/p>\n<p>Der Druck der &#8222;K\u00f6niglichen&#8220; nimmt nach der Pause wieder ab &#8211; das bestraft Real Betis in der 81. Minute. Nach einer Ecke staubt Parrot nach einem Deossa-Kopfball zur \u00fcberraschenden F\u00fchrung ab.<\/p>\n<p>Durch das Gegentor wacht Real auf. Die Mourinho-Elf dr\u00fcckt wieder. So landet eine abgef\u00e4lschte Mbappe-Flanke an der Latte, bevor Joker Espi mit einem vermeintlichen Traumtor den Ausgleich erzielt. Per Fallr\u00fcckzieher trifft er zum 1:1, doch im Vorfeld liegt ein Abseits vor. Nach VAR-Check wird der Treffer zur\u00fcckgenommen.<\/p>\n<p>Mbappe vergibt vom Punkt<\/p>\n<p>Die Riesen-Chance auf das 1:1 hat Superstar Mbappe vier Minuten sp\u00e4ter. In der 90+3. Minute bekommt Real einen Strafsto\u00df zugesprochen. Der Franzose scheitert allerdings an Torh\u00fcter Valles.<\/p>\n<p>Auch nach dieser Szene schaltet sich der VAR ein, es gibt aber keine Wiederholung &#8211; und am Ende bleibt es beim 1:0 f\u00fcr Real Betis.<\/p>\n","protected":false},"excerpt":{"rendered":"Real Madrid kassiert die erste Niederlage in dieser Saison. Am vierten Spieltag von LaLiga verlieren die &#8222;Blancos&#8220; mit&hellip;\n","protected":false},"author":2,"featured_media":376632,"comment_status":"","ping_status":"","sticky":false,"template":"","format":"standard","meta":{"footnotes":"","_share_on_mastodon":"0"},"categories":[18],"tags":[46,42,964,1880,7553,4898,44,11591,34332,4329,11590,109,108],"class_list":["post-376631","post","type-post","status-publish","format-standard","has-post-thumbnail","category-sport","tag-at","tag-austria","tag-fussball","tag-fussball-international","tag-kylian-mbappe","tag-la-liga","tag-oesterreich","tag-primera-division","tag-real-betis-balompie","tag-real-madrid","tag-spanien-fussball","tag-sport","tag-sports"],"share_on_mastodon":{"url":"https:\/\/pubeurope.com\/@at\/117217328130781527","error":""},"_links":{"self":[{"href":"https:\/\/www.europesays.com\/at\/wp-json\/wp\/v2\/posts\/376631","targetHints":{"allow":["GET"]}}],"collection":[{"href":"https:\/\/www.europesays.com\/at\/wp-json\/wp\/v2\/posts"}],"about":[{"href":"https:\/\/www.europesays.com\/at\/wp-json\/wp\/v2\/types\/post"}],"author":[{"embeddable":true,"href":"https:\/\/www.europesays.com\/at\/wp-json\/wp\/v2\/users\/2"}],"replies":[{"embeddable":true,"href":"https:\/\/www.europesays.com\/at\/wp-json\/wp\/v2\/comments?post=376631"}],"version-history":[{"count":0,"href":"https:\/\/www.europesays.com\/at\/wp-json\/wp\/v2\/posts\/376631\/revisions"}],"wp:featuredmedia":[{"embeddable":true,"href":"https:\/\/www.europesays.com\/at\/wp-json\/wp\/v2\/media\/376632"}],"wp:attachment":[{"href":"https:\/\/www.europesays.com\/at\/wp-json\/wp\/v2\/media?parent=376631"}],"wp:term":[{"taxonomy":"category","embeddable":true,"href":"https:\/\/www.europesays.com\/at\/wp-json\/wp\/v2\/categories?post=376631"},{"taxonomy":"post_tag","embeddable":true,"href":"https:\/\/www.europesays.com\/at\/wp-json\/wp\/v2\/tags?post=376631"}],"curies":[{"name":"wp","href":"https:\/\/api.w.org\/{rel}","templated":true}]}}