{"id":376653,"date":"2026-09-05T08:01:09","date_gmt":"2026-09-05T08:01:09","guid":{"rendered":"https:\/\/www.europesays.com\/at\/376653\/"},"modified":"2026-09-05T08:01:09","modified_gmt":"2026-09-05T08:01:09","slug":"peter-maffay-feiert-glamour-auftritt-mit-ehefrau-hendrikje","status":"publish","type":"post","link":"https:\/\/www.europesays.com\/at\/376653\/","title":{"rendered":"Peter Maffay feiert Glamour-Auftritt mit Ehefrau Hendrikje"},"content":{"rendered":"<p>\nBei der Goldenen Henne\n<\/p>\n<p>Aktualisiert am 05.09.2026, 09:48 Uhr\n<\/p>\n<p><a href=\"https:\/\/i0.web.de\/image\/006\/42691006,pd=1\/peter-maffay-ehefrau-hendrikje-verleihung-goldenen.jpg\" data-brain-zone=\".42691004.content.lead.1\" data-component-path=\"content.lead.1\" data-component-name=\"article-image\" rel=\"nofollow noopener\" target=\"_blank\"> <\/p>\n<p><img loading=\"lazy\" decoding=\"async\" src=\"https:\/\/www.europesays.com\/at\/wp-content\/uploads\/2026\/09\/peter-maffay-ehefrau-hendrikje-verleihung-goldenen.jpg\" alt=\"Peter Maffay und seine Ehefrau Hendrikje bei der Verleihung der Goldenen Henne.\" width=\"950\" height=\"534\"\/><\/p>\n<p><\/a> <\/p>\n<p>\nPeter Maffay und seine Ehefrau Hendrikje bei der Verleihung der Goldenen Henne.<br \/>\n\u00a9\u00a0imago\/Gartner\n<\/p>\n<p class=\"content__description\" data-speakable=\"\">Peter Maffay und seine Ehefrau Hendrikje sind gemeinsam bei der Verleihung der Goldenen Henne \u00fcber den roten Teppich gelaufen. Sie gl\u00e4nzte in einer schwarzen Robe.<\/p>\n<p data-speakable=\"\"><a data-component-name=\"link.semantic\" data-brain-zone=\".42691004.content.textlink_1\" data-component-path=\"content.textlink_1\" href=\"https:\/\/web.de\/magazine\/unterhaltung\/thema\/peter-maffay\" rel=\"nofollow noopener\" target=\"_blank\">Peter Maffay<\/a> (77) hat sich bei der Verleihung der Goldenen Henne mit seiner Ehefrau Hendrikje (39) gezeigt. Sie bezauberte bei der Veranstaltung in Leipzig mit einem \u00e4rmellosen, langen Kleid in Schwarz. Spitzen-Eins\u00e4tze an der Seite und am Dekollet\u00e9 sorgten bei dem Outfit f\u00fcr zus\u00e4tzlichen Glamour. Die blonden Haare fielen ihr aus dem Mittelscheitel und zu gro\u00dfen Wellen gestylt \u00fcber die Schultern.<\/p>\n<p data-speakable=\"\">Der Musiker lief ebenfalls im schwarzen Outfit \u00fcber den roten Teppich. Zur Lederhose kombinierte er ein teilweise aufgekn\u00f6pftes dunkles Hemd, \u00fcber das der S\u00e4nger ein Jackett gezogen hatte. Bei dem Event stellten Peter Maffay und Johannes Oerding (44) dann ihr neues Duett vor.<\/p>\n<p>Peter Maffay h\u00e4lt sich f\u00fcr Ehefrau und Tochter fit<\/p>\n<p data-speakable=\"\">Peter Maffay und seine Ehefrau Hendrikje, die gemeinsam Tochter Anouk (7) haben, treten nicht allzu oft gemeinsam auf. <a target=\"_blank\" data-brain-zone=\".42691004.content.textlink_2\" data-component-path=\"content.textlink_2\" data-component-name=\"link.external\" rel=\"noopener nofollow\" href=\"https:\/\/www.gala.de\/stars\/news\/peter-maffay-ueber-38-jahre-altersunterschied-mit-seiner-frau---ich-muss-meinen-popo-bewegen---24668518.html\">In einem Interview mit &#8222;Gala&#8220; <\/a>sprach das Paar vor wenigen Tagen \u00fcber seinen Alltag. Dazu geh\u00f6rt offenbar auch viel Sport. &#8222;Wir leben am See, ich gehe gern schwimmen &#8211; aber gegen Hendrikje trete ich lieber nicht an&#8220;, erz\u00e4hlte Maffay, der 38 Jahre \u00e4lter ist als seine Ehefrau. &#8222;Sport machen wir beide t\u00e4glich. Ich fahre morgens um sechs Fahrrad und mache meine \u00dcbungen. Auch, damit wir m\u00f6glichst lange zusammenbleiben k\u00f6nnen.&#8220;<\/p>\n<p>Empfehlungen der Redaktion<\/p>\n<p data-speakable=\"\">\u00dcber seinen gr\u00f6\u00dften Wunsch f\u00fcr sich selbst und seine Familie erkl\u00e4rte der 77-J\u00e4hrige au\u00dferdem in dem &#8222;Gala&#8220;-Interview: &#8222;Ich habe die k\u00fchne Behauptung aufgestellt, dass ich unbedingt noch bei Anouks Abiball dabei sein will. Daf\u00fcr muss ich meinen Popo ein bisschen bewegen.&#8220; Und Hendrikje habe schlie\u00dflich auch keine Lust, mit einem alten Mann zusammen zu sein, f\u00fcgte er hinzu.<\/p>\n<p data-speakable=\"\">Auch Hendrikje Balsmeyer hat einen Wunsch f\u00fcr ihren Ehemann. Auf die Frage, was sie sich f\u00fcr ihn w\u00fcnsche, antwortete sie: &#8222;F\u00fcr Peter Zeit. Auf jeden Fall. Und Gesundheit!&#8220; (hub\/spot)\u00a0<br \/>\n\u00a9 1&amp;1 Mail &amp; Media\/spot on news\n<\/p>\n<p>\nTeaserbild: \u00a9 dpa \/ Hendrik Schmidt<\/p>\n","protected":false},"excerpt":{"rendered":"Bei der Goldenen Henne Aktualisiert am 05.09.2026, 09:48 Uhr Peter Maffay und seine Ehefrau Hendrikje bei der Verleihung&hellip;\n","protected":false},"author":2,"featured_media":376654,"comment_status":"","ping_status":"","sticky":false,"template":"","format":"standard","meta":{"footnotes":"","_share_on_mastodon":"0"},"categories":[24],"tags":[46,42,147,64465,94137,153,154,44,27388,148,17863],"class_list":["post-376653","post","type-post","status-publish","format-standard","has-post-thumbnail","category-musik","tag-at","tag-austria","tag-entertainment","tag-goldene-henne","tag-hendrikje-peter-maffay","tag-music","tag-musik","tag-oesterreich","tag-peter-maffay","tag-unterhaltung","tag-verleihung"],"share_on_mastodon":{"url":"https:\/\/pubeurope.com\/@at\/117217387159082387","error":""},"_links":{"self":[{"href":"https:\/\/www.europesays.com\/at\/wp-json\/wp\/v2\/posts\/376653","targetHints":{"allow":["GET"]}}],"collection":[{"href":"https:\/\/www.europesays.com\/at\/wp-json\/wp\/v2\/posts"}],"about":[{"href":"https:\/\/www.europesays.com\/at\/wp-json\/wp\/v2\/types\/post"}],"author":[{"embeddable":true,"href":"https:\/\/www.europesays.com\/at\/wp-json\/wp\/v2\/users\/2"}],"replies":[{"embeddable":true,"href":"https:\/\/www.europesays.com\/at\/wp-json\/wp\/v2\/comments?post=376653"}],"version-history":[{"count":0,"href":"https:\/\/www.europesays.com\/at\/wp-json\/wp\/v2\/posts\/376653\/revisions"}],"wp:featuredmedia":[{"embeddable":true,"href":"https:\/\/www.europesays.com\/at\/wp-json\/wp\/v2\/media\/376654"}],"wp:attachment":[{"href":"https:\/\/www.europesays.com\/at\/wp-json\/wp\/v2\/media?parent=376653"}],"wp:term":[{"taxonomy":"category","embeddable":true,"href":"https:\/\/www.europesays.com\/at\/wp-json\/wp\/v2\/categories?post=376653"},{"taxonomy":"post_tag","embeddable":true,"href":"https:\/\/www.europesays.com\/at\/wp-json\/wp\/v2\/tags?post=376653"}],"curies":[{"name":"wp","href":"https:\/\/api.w.org\/{rel}","templated":true}]}}