{"id":376681,"date":"2026-09-05T08:20:20","date_gmt":"2026-09-05T08:20:20","guid":{"rendered":"https:\/\/www.europesays.com\/at\/376681\/"},"modified":"2026-09-05T08:20:20","modified_gmt":"2026-09-05T08:20:20","slug":"konzert-in-hamburg-weltstar-james-blunt-kommt-in-barclays-arena","status":"publish","type":"post","link":"https:\/\/www.europesays.com\/at\/376681\/","title":{"rendered":"Konzert in Hamburg: Weltstar James Blunt kommt in Barclays Arena"},"content":{"rendered":"<p>Neues Album <\/p>\n<p>Weltstar k\u00fcndigt Tour an: Konzert auch in Hamburg<\/p>\n<p>04.09.2026 &#8211; 16:01 UhrLesedauer: 2 Min.<\/p>\n<p><a href=\"#focus-0\" class=\"transition-colors block text-current relative\" data-sctrack=\"FocusGalleryImage.Reference\"><img fetchpriority=\"high\" data-testid=\"Opener.Image\"   loading=\"eager\" src=\"https:\/\/www.europesays.com\/at\/wp-content\/uploads\/2026\/09\/james-blunt-the-who-to-we-used-to-be-tour-in-der-rudolf-weber-arena-oberhausen-nur-fuer-redaktionell.jpeg\" alt=\"imago441007169\" title=\"imago441007169\" width=\"5089\" height=\"2863\" class=\"bg-[url:var(--lqipURL)] bg-cover bg-center flex h-full w-full max-w-full\" style=\"--lqipURL:url('https:\/\/images.t-online.de\/2026\/09\/sP4or80Aptpb\/0x30:5089x2863\/fit-in\/150x0\/filters:blur(25)\/james-blunt-the-who-to-we-used-to-be-tour-in-der-rudolf-weber-arena-oberhausen-nur-fuer-redaktionelle-zwecke-editorial-use-only-p-der-liedermacher-james-blunt-spielt-am-16-32024-in-der-rudolf-weber-arena-in-oberhausen-er-wurde-2005-durch-den-nummer-1-hit-you-re-beautiful-bekannt-foto-arnulf-stoffel-funke-foto-services-p-buntes-deutschland-nrw-oberhausen-copyright-arnulfxstoffel-james-blunt-the-who-to-we-used-to-be-tour-at-the-rudolf-weber-arena-oberhausen-for-editorial-purposes-only-edit.jpg')\" decoding=\"async\"\/><img loading=\"lazy\" src=\"https:\/\/hamburg.t-online.de\/s\/paper\/_next\/static\/media\/zoom-in.f7dae02f.svg\" alt=\"Vergr\u00f6\u00dfern des Bildes\" title=\"Vergr\u00f6\u00dfern des Bildes\" class=\"block h-[calc(var(--height)_\/_16_*_1rem)] w-[calc(var(--width)_\/_16_*_1rem)] max-w-none absolute right-8 bottom-8 rounded-4 bg-snow p-8\" style=\"--width:32;--height:32\" decoding=\"async\"\/><\/a><\/p>\n<p>James Blunt auf der B\u00fchne: Der weltbekannte Musiker macht 2027 auch Stopp in Hamburg. (Quelle:  via imago-images.de\/imago)<\/p>\n<p><img loading=\"lazy\" src=\"https:\/\/hamburg.t-online.de\/s\/paper\/_next\/static\/media\/audio-volume.6689034c.svg\" alt=\"\" title=\"\" class=\"block h-[calc(var(--height)_\/_16_*_1rem)] w-[calc(var(--width)_\/_16_*_1rem)] max-w-none group-hover:brightness-0 group-hover:invert\" style=\"--width:16;--height:16\" decoding=\"async\"\/>Vorlesen<\/p>\n<p>Aktuelle Zeit:0:00Gesamtdauer:0:00<\/p>\n<p>1x<img loading=\"lazy\" src=\"https:\/\/hamburg.t-online.de\/s\/paper\/_next\/static\/media\/font-sizes.32942e33.svg\" alt=\"\" title=\"\" class=\"block h-[calc(var(--height)_\/_16_*_1rem)] w-[calc(var(--width)_\/_16_*_1rem)] max-w-none group-hover:hidden group-aria-expanded:hidden\" style=\"--width:16;--height:16\" decoding=\"async\"\/><img loading=\"lazy\" src=\"https:\/\/hamburg.t-online.de\/s\/paper\/_next\/static\/media\/font-sizes-dark-mode.e382645c.svg\" alt=\"\" title=\"\" class=\"block h-[calc(var(--height)_\/_16_*_1rem)] w-[calc(var(--width)_\/_16_*_1rem)] max-w-none hidden group-hover:block group-aria-expanded:block\" style=\"--width:16;--height:16\" decoding=\"async\"\/><img loading=\"lazy\" src=\"https:\/\/hamburg.t-online.de\/s\/paper\/_next\/static\/media\/sharing-menu-icon.1eb71368.svg\" alt=\"\" title=\"\" class=\"block h-[calc(var(--height)_\/_16_*_1rem)] w-[calc(var(--width)_\/_16_*_1rem)] max-w-none group-hover:brightness-0 group-hover:invert\" style=\"--width:16;--height:16\" decoding=\"async\"\/>Artikel teilen<\/p>\n<p class=\"font-bold text-18 leading-17 user-text-lg:text-22 user-text-xl:text-24\">Sein neues Album kommt bald \u2013 und damit geht er auf Tour: James Blunt kommt 2027 nach Deutschland. Halt macht er auch in Hamburg.<\/p>\n<p class=\"text-18 leading-17 user-text-lg:text-22 user-text-xl:text-24\">Er ist f\u00fcr Hits wie &#8222;You&#8217;re Beautiful&#8220; oder &#8222;Goodbye My Lover&#8220; weltbekannt: Popstar James Blunt geht wieder auf Tour. Das gab der Musiker selbst \u00fcber seine Internetseite und die sozialen Medien bekannt. Auch Fans aus Hamburg d\u00fcrfen sich freuen: Ein Konzert spielt Blunt am 14. M\u00e4rz 2027 in der Barclays Arena.<\/p>\n<p class=\"text-18 leading-17 user-text-lg:text-22 user-text-xl:text-24\">Tickets f\u00fcr seine Tournee gibt es ab Mittwoch, 9. September, 10 Uhr, \u00fcber das Ticketportal Eventim. Neben Hamburg macht Blunt auch in N\u00fcrnberg (23. Februar 2027), Hannover (24. Februar), M\u00fcnchen (26. Februar), Leipzig (12. M\u00e4rz), D\u00fcsseldorf (13. M\u00e4rz) und Berlin (20. M\u00e4rz) Halt.<\/p>\n<p>James Blunt: Neues Album hei\u00dft &#8222;Airplane Mode&#8220;<\/p>\n<p class=\"text-18 leading-17 user-text-lg:text-22 user-text-xl:text-24\">Blunt wird dabei auch einige Titel aus seinem neuen Album &#8222;Airplane Mode&#8220;, das am 6. November 2026 ver\u00f6ffentlicht wird, spielen. Schon jetzt sind die Single-Auskopplungen &#8222;Tastes Like Summer&#8220; und &#8222;Weight Of It All&#8220; abrufbar.<\/p>\n<p>Hamburg-Konzert abgesagt: <a href=\"https:\/\/hamburg.t-online.de\/region\/hamburg\/id_101418916\/hamburg-konzert-abgesagt-rapper-erhaelt-auftrittsverbot-der-grund.html\" class=\"transition-colors cursor-pointer no-underline md:hover:text-magenta md:focus:text-magenta border-b border-solid border-current text-salemsfur md:hover:border-magenta\" data-tracking=\"{&quot;action&quot;:&quot;click&quot;,&quot;category&quot;:&quot;intextLink&quot;,&quot;label&quot;:&quot;\/region\/hamburg\/id_101418916\/hamburg-konzert-abgesagt-rapper-erhaelt-auftrittsverbot-der-grund.html&quot;}\" data-sctrack=\"BodyAnchor\" rel=\"nofollow noopener\" target=\"_blank\">Rapper erh\u00e4lt Auftrittsverbot<\/a>Nach offenem Brief: <a href=\"https:\/\/hamburg.t-online.de\/region\/hamburg\/id_101417940\/liedermacher-yann-song-king-sagt-konzert-in-hamburg-ab-der-grund.html\" class=\"transition-colors cursor-pointer no-underline md:hover:text-magenta md:focus:text-magenta border-b border-solid border-current text-salemsfur md:hover:border-magenta\" data-tracking=\"{&quot;action&quot;:&quot;click&quot;,&quot;category&quot;:&quot;intextLink&quot;,&quot;label&quot;:&quot;\/region\/hamburg\/id_101417940\/liedermacher-yann-song-king-sagt-konzert-in-hamburg-ab-der-grund.html&quot;}\" data-sctrack=\"BodyAnchor\" rel=\"nofollow noopener\" target=\"_blank\">Umstrittener Liedermacher sagt Hamburg-Konzert ab<\/a><\/p>\n<p class=\"text-18 leading-17 user-text-lg:text-22 user-text-xl:text-24\">Der britische S\u00e4nger wurde 1974 in Tidworth im S\u00fcden Englands geboren. Als Sohn eines britischen Offiziers verbrachte er einen Teil seiner Kindheit in Deutschland. Sp\u00e4ter diente Blunt selbst als Offizier in der britischen Armee. Nach seiner Milit\u00e4rzeit begann er seine Musikkarriere. Den internationalen Durchbruch brachte ihm das 2004 ver\u00f6ffentlichte Deb\u00fctalbum &#8222;Back to Bedlam&#8220; mit den Balladen &#8222;You\u2019re Beautiful&#8220; und &#8222;Goodbye My Lover&#8220;.<\/p>\n<p class=\"text-18 leading-17 user-text-lg:text-22 user-text-xl:text-24\">Das Album stand in Gro\u00dfbritannien zehn Wochen und auch in Deutschland an der Chartspitze. Weitere bekannte Titel sind &#8222;1973&#8220;, &#8222;Stay the Night&#8220; und &#8222;Bonfire Heart&#8220; \u2013 letzterer erreichte Platz eins der deutschen Singlecharts. Blunt gewann unter anderem zwei Brit Awards und zwei Echos. F\u00fcr den Grammy wurde er f\u00fcnfmal nominiert.<\/p>\n","protected":false},"excerpt":{"rendered":"Neues Album Weltstar k\u00fcndigt Tour an: Konzert auch in Hamburg 04.09.2026 &#8211; 16:01 UhrLesedauer: 2 Min. James Blunt&hellip;\n","protected":false},"author":2,"featured_media":376682,"comment_status":"","ping_status":"","sticky":false,"template":"","format":"standard","meta":{"footnotes":"","_share_on_mastodon":"0"},"categories":[24],"tags":[738,46,42,17744,245,257,3429,147,828,2208,94140,25755,1029,279,153,154,14529,44,20381,19524,2976,148],"class_list":["post-376681","post","type-post","status-publish","format-standard","has-post-thumbnail","category-musik","tag-738","tag-at","tag-austria","tag-barclays","tag-berlin","tag-deutschland","tag-duesseldorf","tag-entertainment","tag-hamburg","tag-hannover","tag-james-blunt","tag-konzertankuendigung","tag-leipzig","tag-muenchen","tag-music","tag-musik","tag-nuernberg","tag-oesterreich","tag-ticketverkauf","tag-ticketvorverkauf","tag-tournee","tag-unterhaltung"],"share_on_mastodon":{"url":"https:\/\/pubeurope.com\/@at\/117217462456053394","error":""},"_links":{"self":[{"href":"https:\/\/www.europesays.com\/at\/wp-json\/wp\/v2\/posts\/376681","targetHints":{"allow":["GET"]}}],"collection":[{"href":"https:\/\/www.europesays.com\/at\/wp-json\/wp\/v2\/posts"}],"about":[{"href":"https:\/\/www.europesays.com\/at\/wp-json\/wp\/v2\/types\/post"}],"author":[{"embeddable":true,"href":"https:\/\/www.europesays.com\/at\/wp-json\/wp\/v2\/users\/2"}],"replies":[{"embeddable":true,"href":"https:\/\/www.europesays.com\/at\/wp-json\/wp\/v2\/comments?post=376681"}],"version-history":[{"count":0,"href":"https:\/\/www.europesays.com\/at\/wp-json\/wp\/v2\/posts\/376681\/revisions"}],"wp:featuredmedia":[{"embeddable":true,"href":"https:\/\/www.europesays.com\/at\/wp-json\/wp\/v2\/media\/376682"}],"wp:attachment":[{"href":"https:\/\/www.europesays.com\/at\/wp-json\/wp\/v2\/media?parent=376681"}],"wp:term":[{"taxonomy":"category","embeddable":true,"href":"https:\/\/www.europesays.com\/at\/wp-json\/wp\/v2\/categories?post=376681"},{"taxonomy":"post_tag","embeddable":true,"href":"https:\/\/www.europesays.com\/at\/wp-json\/wp\/v2\/tags?post=376681"}],"curies":[{"name":"wp","href":"https:\/\/api.w.org\/{rel}","templated":true}]}}