{"id":376739,"date":"2026-09-05T08:58:24","date_gmt":"2026-09-05T08:58:24","guid":{"rendered":"https:\/\/www.europesays.com\/at\/376739\/"},"modified":"2026-09-05T08:58:24","modified_gmt":"2026-09-05T08:58:24","slug":"anlaesslich-des-80-geburtstags-wiedergelesen-lily-brett","status":"publish","type":"post","link":"https:\/\/www.europesays.com\/at\/376739\/","title":{"rendered":"Anl\u00e4sslich des 80. Geburtstags &#8211; Wiedergelesen: Lily Brett"},"content":{"rendered":"<p>F\u00fcr Lily Brett war das Schreiben existenziell: Ihre beiden Eltern haben den Holocaust \u00fcberlebt. Sie ist 1949 geboten und hat ihre ersten Lebensmonate in einem DP-Lager verbacht. Dieses Trauma verarbeitet Lily Brett literarisch, unter anderem in autofiktionalen Romanen wie &#8222;Lola Bensky&#8220;, &#8222;Chuzpe&#8220; oder auch in Kolumnen \u00fcber das \u00c4lterwerden und ihr Leben in New York.<\/p>\n<p>Am kommenden Samstag wird die Wahl-New Yorkerin Lily Brett 80 Jahre alt. Unsere Kritikerin Anke Sterneborg spricht \u00fcber das Werk von Lily Brett und ihre pers\u00f6nlichen Favoriten.<\/p>\n","protected":false},"excerpt":{"rendered":"F\u00fcr Lily Brett war das Schreiben existenziell: Ihre beiden Eltern haben den Holocaust \u00fcberlebt. Sie ist 1949 geboten&hellip;\n","protected":false},"author":2,"featured_media":376740,"comment_status":"","ping_status":"","sticky":false,"template":"","format":"standard","meta":{"footnotes":"","_share_on_mastodon":"0"},"categories":[24],"tags":[46,42,147,153,154,44,148],"class_list":["post-376739","post","type-post","status-publish","format-standard","has-post-thumbnail","category-musik","tag-at","tag-austria","tag-entertainment","tag-music","tag-musik","tag-oesterreich","tag-unterhaltung"],"share_on_mastodon":{"url":"https:\/\/pubeurope.com\/@at\/117217611300648745","error":""},"_links":{"self":[{"href":"https:\/\/www.europesays.com\/at\/wp-json\/wp\/v2\/posts\/376739","targetHints":{"allow":["GET"]}}],"collection":[{"href":"https:\/\/www.europesays.com\/at\/wp-json\/wp\/v2\/posts"}],"about":[{"href":"https:\/\/www.europesays.com\/at\/wp-json\/wp\/v2\/types\/post"}],"author":[{"embeddable":true,"href":"https:\/\/www.europesays.com\/at\/wp-json\/wp\/v2\/users\/2"}],"replies":[{"embeddable":true,"href":"https:\/\/www.europesays.com\/at\/wp-json\/wp\/v2\/comments?post=376739"}],"version-history":[{"count":0,"href":"https:\/\/www.europesays.com\/at\/wp-json\/wp\/v2\/posts\/376739\/revisions"}],"wp:featuredmedia":[{"embeddable":true,"href":"https:\/\/www.europesays.com\/at\/wp-json\/wp\/v2\/media\/376740"}],"wp:attachment":[{"href":"https:\/\/www.europesays.com\/at\/wp-json\/wp\/v2\/media?parent=376739"}],"wp:term":[{"taxonomy":"category","embeddable":true,"href":"https:\/\/www.europesays.com\/at\/wp-json\/wp\/v2\/categories?post=376739"},{"taxonomy":"post_tag","embeddable":true,"href":"https:\/\/www.europesays.com\/at\/wp-json\/wp\/v2\/tags?post=376739"}],"curies":[{"name":"wp","href":"https:\/\/api.w.org\/{rel}","templated":true}]}}