{"id":376753,"date":"2026-09-05T09:05:13","date_gmt":"2026-09-05T09:05:13","guid":{"rendered":"https:\/\/www.europesays.com\/at\/376753\/"},"modified":"2026-09-05T09:05:13","modified_gmt":"2026-09-05T09:05:13","slug":"west-nil-virus-mehr-als-1-000-faelle-in-europa","status":"publish","type":"post","link":"https:\/\/www.europesays.com\/at\/376753\/","title":{"rendered":"West-Nil-Virus: Mehr als 1.000 F\u00e4lle in Europa"},"content":{"rendered":"<p>\nAuch in Deutschland\n<\/p>\n<p>Aktualisiert am 05.09.2026, 07:47 Uhr\n<\/p>\n<p><img loading=\"lazy\" decoding=\"async\" src=\"https:\/\/www.europesays.com\/at\/wp-content\/uploads\/2026\/09\/42690972,pd=2,f=responsive169-w950.jpg\" alt=\"\" width=\"950\" height=\"534\"\/><\/p>\n<p>\u00a9 Buzzwoo<\/p>\n<p class=\"content__description\" data-speakable=\"\">In Europa steigen die Infektionen mit dem West-Nil-Virus: Inzwischen sind 15 L\u00e4nder betroffen \u2013 auch Deutschland geh\u00f6rt dazu.<\/p>\n<p data-speakable=\"\">In <a data-component-name=\"link.semantic\" data-brain-zone=\".42690648.content.textlink_1\" data-component-path=\"content.textlink_1\" href=\"https:\/\/web.de\/magazine\/reise\/thema\/europa\" rel=\"nofollow noopener\" target=\"_blank\">Europa<\/a> sind seit Beginn der Saison mehr als 1.000 Infektionen mit dem West-Nil-Virus bekanntgeworden. Insgesamt wurden bis zum vergangenen Donnerstag in sieben europ\u00e4ischen L\u00e4ndern 1.086 F\u00e4lle registriert, bei denen sich die Menschen vor Ort angesteckt hatten \u2013 sie hatten sich also nicht auf Reisen infiziert.<\/p>\n<p data-speakable=\"\">In den vergangenen Wochen nahm die Ausbreitung rasant zu: Anfang August waren erst 241 F\u00e4lle in sieben europ\u00e4ischen L\u00e4ndern registriert \u2013 mittlerweile sind 15 L\u00e4nder betroffen, wie das Europ\u00e4ische Zentrum f\u00fcr die Pr\u00e4vention und die Kontrolle von Krankheiten (ECDC) mitteilte. <\/p>\n<p>Italien und Griechenland am st\u00e4rksten betroffen<\/p>\n<p data-speakable=\"\">Die meisten F\u00e4lle z\u00e4hlen <a data-component-name=\"link.semantic\" data-brain-zone=\".42690648.content.textlink_2\" data-component-path=\"content.textlink_2\" href=\"https:\/\/web.de\/magazine\/reise\/thema\/italien\" rel=\"nofollow noopener\" target=\"_blank\">Italien<\/a> (516), Griechenland (284, davon 11 mit unbekanntem Ursprung der Infektion) und Spanien (88). In Deutschland sind zwei F\u00e4lle bekannt (Stand: 3. September). Auch die deutschen Nachbarl\u00e4nder Frankreich, die Niederlande und \u00d6sterreich verzeichnen F\u00e4lle. <\/p>\n<p data-speakable=\"\">Insgesamt seien damit 144 Gebiete in Europa betroffen, hie\u00df es weiter. 62 dieser Gebiete liegen in Italien. Die Beh\u00f6rde betonte jedoch, es handele sich nicht um eine umfassende Darstellung des \u00dcbertragungsgeschehens.<\/p>\n<p>Empfehlungen der Redaktion<\/p>\n<p data-speakable=\"\">Etwa 20 Prozent der Infizierten entwickeln laut Robert Koch-Institut (RKI) eine fieberhafte, grippe\u00e4hnliche Erkrankung. Nur etwa jede 100. infizierte Person erkranke schwer. Das <a data-component-name=\"link.semantic\" data-brain-zone=\".42690648.content.textlink_3\" data-component-path=\"content.textlink_3\" href=\"https:\/\/web.de\/magazine\/gesundheit\/thema\/virus\" rel=\"nofollow noopener\" target=\"_blank\">Virus<\/a> werde haupts\u00e4chlich von Stechm\u00fccken zwischen wildlebenden V\u00f6geln \u00fcbertragen. Die M\u00fccken k\u00f6nnten aber auch Menschen infizieren. Das West-Nil-Fieber heile in der Regel komplikationslos aus, nur bei schwer erkrankten Patienten seien Sp\u00e4tfolgen relativ h\u00e4ufig. (dpa, bearbeitet von spl)<\/p>\n<p>\nTeaserbild: \u00a9 dpa \/ Cynthia Goldsmith\/CENTERS FOR DISEASE CONTROL\/EPA\/dpa<\/p>\n","protected":false},"excerpt":{"rendered":"Auch in Deutschland Aktualisiert am 05.09.2026, 07:47 Uhr \u00a9 Buzzwoo In Europa steigen die Infektionen mit dem West-Nil-Virus:&hellip;\n","protected":false},"author":2,"featured_media":376754,"comment_status":"","ping_status":"","sticky":false,"template":"","format":"standard","meta":{"footnotes":"","_share_on_mastodon":"0"},"categories":[3],"tags":[257,76,75,74,16347,1012,1212],"class_list":["post-376753","post","type-post","status-publish","format-standard","has-post-thumbnail","category-europa","tag-deutschland","tag-eu","tag-europa","tag-europe","tag-infektion","tag-italien","tag-virus"],"share_on_mastodon":{"url":"https:\/\/pubeurope.com\/@at\/117217639213509303","error":""},"_links":{"self":[{"href":"https:\/\/www.europesays.com\/at\/wp-json\/wp\/v2\/posts\/376753","targetHints":{"allow":["GET"]}}],"collection":[{"href":"https:\/\/www.europesays.com\/at\/wp-json\/wp\/v2\/posts"}],"about":[{"href":"https:\/\/www.europesays.com\/at\/wp-json\/wp\/v2\/types\/post"}],"author":[{"embeddable":true,"href":"https:\/\/www.europesays.com\/at\/wp-json\/wp\/v2\/users\/2"}],"replies":[{"embeddable":true,"href":"https:\/\/www.europesays.com\/at\/wp-json\/wp\/v2\/comments?post=376753"}],"version-history":[{"count":0,"href":"https:\/\/www.europesays.com\/at\/wp-json\/wp\/v2\/posts\/376753\/revisions"}],"wp:featuredmedia":[{"embeddable":true,"href":"https:\/\/www.europesays.com\/at\/wp-json\/wp\/v2\/media\/376754"}],"wp:attachment":[{"href":"https:\/\/www.europesays.com\/at\/wp-json\/wp\/v2\/media?parent=376753"}],"wp:term":[{"taxonomy":"category","embeddable":true,"href":"https:\/\/www.europesays.com\/at\/wp-json\/wp\/v2\/categories?post=376753"},{"taxonomy":"post_tag","embeddable":true,"href":"https:\/\/www.europesays.com\/at\/wp-json\/wp\/v2\/tags?post=376753"}],"curies":[{"name":"wp","href":"https:\/\/api.w.org\/{rel}","templated":true}]}}