{"id":376759,"date":"2026-09-05T09:08:08","date_gmt":"2026-09-05T09:08:08","guid":{"rendered":"https:\/\/www.europesays.com\/at\/376759\/"},"modified":"2026-09-05T09:08:08","modified_gmt":"2026-09-05T09:08:08","slug":"zehn-jahre-heiligsprechung-leo-maasburg-erinnert-an-mutter-teresa","status":"publish","type":"post","link":"https:\/\/www.europesays.com\/at\/376759\/","title":{"rendered":"Zehn Jahre Heiligsprechung: Leo Maasburg erinnert an Mutter Teresa"},"content":{"rendered":"<p>Anl\u00e4sslich des zehnj\u00e4hrigen Jubil\u00e4ums der Heiligsprechung von Mutter Teresa durch Franziskus berichtet Leo Maasburg in einem Interview mit Radio Horeb \u00fcber seine vielschichtigen Erfahrungen als langj\u00e4hriger Begleiter der Ordensfrau. Die Zusammenarbeit begann urspr\u00fcnglich durch die Vermittlung seines Bischofs, der f\u00fcr die Gespr\u00e4che mit Mutter Teresa einen \u00dcbersetzer ben\u00f6tigte.<\/p>\n<p>     <a href=\"https:\/\/www.vaticannews.va\/de\/kirche\/news\/2022-09\/oesterreich-deutschland-indien-mutter-teresa-leo-maasburg-itv.html\" title=\"\u201eEngel der Armen\u201c: Wie Mutter Teresa zu einer Heiligen wurde\" rel=\"nofollow noopener\" target=\"_blank\"><\/p>\n<p>        <img decoding=\"async\" src=\"data:image\/gif;base64,R0lGODlhAQABAIAAAAAAAP\/\/\/yH5BAEAAAAALAAAAAABAAEAAAIBRAA7\" data-original=\"https:\/\/media.vaticannews.va\/media\/content\/dam-archive\/vaticannews\/multimedia\/2022\/09\/01\/2-Madre-Teresa.jpg\/_jcr_content\/renditions\/cq5dam.thumbnail.cropped.500.281.jpeg\" alt=\"\u201eEngel der Armen\u201c: Wie Mutter Teresa zu einer Heiligen wurde\"\/><\/p>\n<p>      <\/a><\/p>\n<p>\n      An diesem Montag vor 25 Jahren ist Mutter Teresa gestorben. \u201eEngel der Armen\u201c wird die Heilige auch genannt. Den gr\u00f6\u00dften Teil ihres Lebens hat Mutter Teresa in den Slums von &#8230;\n     <\/p>\n<p>Zu Beginn der Begegnungen herrschte bei Maasburg eine gewisse Skepsis, die in Rom angesichts zahlreicher prominenter Pers\u00f6nlichkeiten nicht un\u00fcblich war. Dieser Eindruck wandelte sich jedoch im Laufe der intensivierten Zusammenarbeit. Die Begegnungen zeigten eine Pers\u00f6nlichkeit, die mit klarer Zielstrebigkeit handelte und zugleich durch ein einf\u00fchlsames Auftreten auffiel. Nach Maasburgs Darlegung war das Handeln von Mutter Teresa vollst\u00e4ndig auf den christlichen Glauben ausgerichtet. Zweck ihres Einsatzes war es, Menschen den Zugang zu Jesus Christus zu er\u00f6ffnen. Die Formel \u201eThe only all for Jesus to Mary\u201c fand sich regelm\u00e4\u00dfig in ihren schriftlichen Gr\u00fc\u00dfen wieder.<\/p>\n<p>W\u00e4hrend eines Staatsempfangs <\/p>\n<p>Eine Begebenheit w\u00e4hrend eines Staatsempfangs in Madras verdeutlichte das Selbstverst\u00e4ndnis der Ordensgr\u00fcnderin. Trotz der offiziellen Ehrerbietungen und der Bereitstellung von Fahrzeugen mit der Aufschrift \u201eVVIP\u201c bezog Mutter Teresa die gesellschaftliche Aufmerksamkeit nicht auf die eigene Person, sondern f\u00fchrte diese auf das gemeinsame Auftreten im Namen des Glaubens zur\u00fcck.<\/p>\n<p>Die Motivation f\u00fcr die Zuwendung gegen\u00fcber kranken, einsamen und sterbenden Menschen lag nach Aussage des Weggef\u00e4hrten im biblischen Wort vom Durst Christi am Kreuz. Dieser Durst wurde von Mutter Teresa als Verlangen nach Liebe verstanden. Das Verst\u00e4ndnis von Armut umfasste nicht allein materielle Notlagen, die vergleichsweise rasch gemildert werden konnten. Ebenso schloss der Begriff die soziale Isolation und den Verlust von Lebensperspektiven ein, deren Behebung einen weit gr\u00f6\u00dferen Aufwand erforderte.<\/p>\n<p>Nach dem Ableben von Mutter Teresa beteiligte sich Maasburg an der Auswertung des umfangreichen Archivmaterials f\u00fcr das Seligsprechungsverfahren, f\u00fcr das Johannes Paul II. die \u00fcbliche f\u00fcnfj\u00e4hrige Wartefrist ausnahmsweise aufhob. Die Durchsicht zahlreicher Dokumente und Zeugnisse anderer Wegbegleiter er\u00f6ffnete erg\u00e4nzende Perspektiven auf das Wirken der Heiliggesprochenen, deren Andenken bis in die Gegenwart fortwirkt.<\/p>\n<p>(radio horeb &#8211; mg)<\/p>\n","protected":false},"excerpt":{"rendered":"Anl\u00e4sslich des zehnj\u00e4hrigen Jubil\u00e4ums der Heiligsprechung von Mutter Teresa durch Franziskus berichtet Leo Maasburg in einem Interview mit&hellip;\n","protected":false},"author":2,"featured_media":376760,"comment_status":"","ping_status":"","sticky":false,"template":"","format":"standard","meta":{"footnotes":"","_share_on_mastodon":"0"},"categories":[8],"tags":[4700,94152,54193,94151,94150,40,72597,41,94153,2460,39,67181,38],"class_list":["post-376759","post","type-post","status-publish","format-standard","has-post-thumbnail","category-nachrichten","tag-franziskus","tag-heiligsprechung","tag-kalkutta","tag-leo-maasburg","tag-mutter-teresa","tag-nachrichten","tag-naechstenliebe","tag-news","tag-ordensleben","tag-radio-horeb","tag-schlagzeilen","tag-seelsorge","tag-top-meldungen"],"share_on_mastodon":{"url":"https:\/\/pubeurope.com\/@at\/117217650435316067","error":""},"_links":{"self":[{"href":"https:\/\/www.europesays.com\/at\/wp-json\/wp\/v2\/posts\/376759","targetHints":{"allow":["GET"]}}],"collection":[{"href":"https:\/\/www.europesays.com\/at\/wp-json\/wp\/v2\/posts"}],"about":[{"href":"https:\/\/www.europesays.com\/at\/wp-json\/wp\/v2\/types\/post"}],"author":[{"embeddable":true,"href":"https:\/\/www.europesays.com\/at\/wp-json\/wp\/v2\/users\/2"}],"replies":[{"embeddable":true,"href":"https:\/\/www.europesays.com\/at\/wp-json\/wp\/v2\/comments?post=376759"}],"version-history":[{"count":0,"href":"https:\/\/www.europesays.com\/at\/wp-json\/wp\/v2\/posts\/376759\/revisions"}],"wp:featuredmedia":[{"embeddable":true,"href":"https:\/\/www.europesays.com\/at\/wp-json\/wp\/v2\/media\/376760"}],"wp:attachment":[{"href":"https:\/\/www.europesays.com\/at\/wp-json\/wp\/v2\/media?parent=376759"}],"wp:term":[{"taxonomy":"category","embeddable":true,"href":"https:\/\/www.europesays.com\/at\/wp-json\/wp\/v2\/categories?post=376759"},{"taxonomy":"post_tag","embeddable":true,"href":"https:\/\/www.europesays.com\/at\/wp-json\/wp\/v2\/tags?post=376759"}],"curies":[{"name":"wp","href":"https:\/\/api.w.org\/{rel}","templated":true}]}}