{"id":376767,"date":"2026-09-05T09:15:18","date_gmt":"2026-09-05T09:15:18","guid":{"rendered":"https:\/\/www.europesays.com\/at\/376767\/"},"modified":"2026-09-05T09:15:18","modified_gmt":"2026-09-05T09:15:18","slug":"dc-open-galerienwochenende-im-rheinland-das-sind-die-hoehepunkte","status":"publish","type":"post","link":"https:\/\/www.europesays.com\/at\/376767\/","title":{"rendered":"DC Open: Galerienwochenende im Rheinland \u2013 das sind die H\u00f6hepunkte"},"content":{"rendered":"<p>Beim Kunstwochenende DC Open zeigen 50 Galerien in D\u00fcsseldorf und K\u00f6ln ihre besten Ausstellungen. Darunter: ein Wiedersehen mit Louise Bourgeois. Sie war nicht die einzige K\u00fcnstlerin, die den K\u00f6rper zum politischen Terrain gemacht hat.<\/p>\n<p class=\"c-inline-alert__description\">Klicken Sie hier, um sich Artikel von WELT in der Google-Suche bevorzugt anzeigen zu lassen.<\/p>\n<p class=\"is-first-paragraph\" data-external=\"Article.FirstParagraph\">Ungew\u00f6hnlich rundlich sind sie, die Berge in dieser Landschaftsdarstellung. Zw\u00f6lf sind es insgesamt, in blassem und kr\u00e4ftigem Rot sowie in Rosa, immer in Paaren und mit kleinen Erhebungen auf den Erhebungen. Es ist eine ungew\u00f6hnliche Landschaft, die die Jahrhundertk\u00fcnstlerin Louise Bourgeois im Jahr 2004 mit dem immer etwas naiv und kindlich anmutenden Medium Wasserfarbe auf das Blatt brachte.<\/p>\n<p>Wie sie sich nach links und rechts neigen, haben sie etwas Wogendes, und ja, nat\u00fcrlich sind das keine Berge. Zu den Motiven, die in Bourgeois\u2019 \u00fcber sieben Jahrzehnte entstandenem Werk immer wiederkehren, geh\u00f6ren Br\u00fcste und Penisse. Dieser Umstand wurde autobiografisch gedeutet, und ihr ambivalentes Verh\u00e4ltnis zu den eigenen Eltern wurde betont. Man kann solche Motive auch allgemeiner als Auseinandersetzung mit menschlicher Sexualit\u00e4t verstehen. <\/p>\n<p>\u201eManchmal\u201c, sagte Bourgeois einmal, \u201ebin ich v\u00f6llig mit weiblichen Formen besch\u00e4ftigt \u2013 Ansammlungen von Br\u00fcsten wie Wolken \u2013, aber oft verschmelze ich die Bildwelten miteinander \u2013 phallische Br\u00fcste, m\u00e4nnlich und weiblich, aktiv und passiv.\u201c  Louise Bourgeois, Jahrgang 1911, macht aus Br\u00fcsten etwas Landschaftliches und Meteorologisches: Wolken, H\u00fcgel, Berge, Landschaften. Menschliche K\u00f6rper und Naturformen gehen ineinander \u00fcber. Die von \u2013 historisch meist m\u00e4nnlichen \u2013 K\u00fcnstlern dargestellte Brust ist bei ihr nicht mehr eindeutig geschlechtlich. <\/p>\n<p>Das Aquarell ist eine von 50 Arbeiten, die der Galerist <a class=\"is-link c-block-items__link is-external c-link--rich-text-renderer\" href=\"https:\/\/galerie-karsten-greve.com\/\" target=\"_blank\" title=\"Link wird in einem neuen Tab ge\u00f6ffnet\" rel=\"nofollow noopener\" data-internal-tracking-enabled=\"true\" data-internal-tracking=\"{&quot;action&quot;:&quot;click&quot;,&quot;label&quot;:&quot;link&quot;,&quot;name&quot;:&quot;Inline Element&quot;,&quot;data&quot;:{&quot;source&quot;:&quot;&quot;,&quot;target&quot;:&quot;https:\/\/galerie-karsten-greve.com\/&quot;,&quot;trackingName&quot;:&quot;&quot;,&quot;trackingLabel&quot;:&quot;&quot;}}\">Karsten Greve<\/a> anl\u00e4sslich von DC Open an seinem K\u00f6lner Stammsitz zeigt. Bereits seit 1990 arbeitet Greve, der am 15. September 80 Jahre alt wird, mit dem Werk der K\u00fcnstlerin \u2013 kurz nach ihrem Durchbruch in Europa.  Zwar arbeitete die in Paris geborene, nach ihrer Heirat in New York lebende Franz\u00f6sin bereits seit 1932 k\u00fcnstlerisch, doch erst 1982 wurde sie mit einer Retrospektive im Museum of Modern Art weltber\u00fchmt, mit 71 Jahren, auf ein \u0152uvre aus Skulptur, Installation, Zeichnung, Malerei und Druckgrafik zur\u00fcckblickend.<\/p>\n<p>Die 1,60 Meter hohe, wei\u00df bemalte Bronze \u201eWoman with a Secret\u201c, eine stehende Figur aus den Nachkriegsjahren 1947\u201349 (der gezeigte Abguss datiert von 2001, Auflage sechs Exemplare), geh\u00f6rt zu Bourgeois\u2019 \u201ePersonnages\u201c \u2013 stelenartigen Skulpturen, in denen die K\u00fcnstlerin nach ihrer \u00dcbersiedlung in die USA Erinnerungen an die Menschen aus ihrer franz\u00f6sischen Heimat bewahrte.<\/p>\n<p>Die Schau wird aus der eigenen Sammlung des Kunsth\u00e4ndlers best\u00fcckt, der die Arbeiten direkt bei Bourgeois erwarb. Sie erlaubt eine Reise durch gleich mehrere Werkphasen \u2013 und beweist, welche hochkar\u00e4tigen Ausstellungen im Rheinland mit seinem seit Jahrzehnten etablierten Kunsthandel m\u00f6glich sind.  <\/p>\n<p>Der eigene K\u00f6rper als politisches Terrain \u2013 das verbindet Bourgeois auch mit einer ganz anderen Station von DC Open. In der Galerie <a class=\"is-link c-block-items__link is-external c-link--rich-text-renderer\" href=\"https:\/\/nagel-draxler.de\/\" target=\"_blank\" title=\"Link wird in einem neuen Tab ge\u00f6ffnet\" rel=\"nofollow noopener\" data-internal-tracking-enabled=\"true\" data-internal-tracking=\"{&quot;action&quot;:&quot;click&quot;,&quot;label&quot;:&quot;link&quot;,&quot;name&quot;:&quot;Inline Element&quot;,&quot;data&quot;:{&quot;source&quot;:&quot;&quot;,&quot;target&quot;:&quot;https:\/\/nagel-draxler.de\/&quot;,&quot;trackingName&quot;:&quot;&quot;,&quot;trackingLabel&quot;:&quot;&quot;}}\">Nagel Draxler<\/a> ist die russische K\u00fcnstlerin, Pussy-Riot-Musikerin und Aktivistin <a class=\"is-link c-block-items__link c-link--rich-text-renderer\" href=\"https:\/\/www.welt.de\/kultur\/plus252340598\/Pussy-Riot-Aktivistin-Ich-sehe-nicht-viel-Freude-bei-Menschen-des-rechten-Fluegels.html\" data-internal-tracking-enabled=\"true\" data-internal-tracking=\"{&quot;action&quot;:&quot;click&quot;,&quot;label&quot;:&quot;link&quot;,&quot;name&quot;:&quot;Inline Element&quot;,&quot;data&quot;:{&quot;source&quot;:&quot;&quot;,&quot;target&quot;:&quot;https:\/\/www.welt.de\/kultur\/plus252340598\/Pussy-Riot-Aktivistin-Ich-sehe-nicht-viel-Freude-bei-Menschen-des-rechten-Fluegels.html&quot;,&quot;trackingName&quot;:&quot;&quot;,&quot;trackingLabel&quot;:&quot;&quot;}}\" rel=\"nofollow noopener\" target=\"_blank\">Nadeschda Tolokonnikowa<\/a> zu sehen, die den eigenen K\u00f6rper seit Jahren als Angriffsfl\u00e4che und Widerstandsmittel gegen das Putin-Regime einsetzt. Wo Bourgeois die Sexualit\u00e4t in Landschaften sublimiert, tr\u00e4gt Tolokonnikowa sie unverh\u00fcllt und plakativ vor sich her \u2013 zwei radikal unterschiedliche Strategien weiblicher Selbsterm\u00e4chtigung, nur ein paar hundert Meter voneinander entfernt zu besichtigen.<\/p>\n<p>Dass ein solcher Zufall m\u00f6glich ist, liegt am Format von DC Open: Rund 50 Galerien in D\u00fcsseldorf und K\u00f6ln er\u00f6ffnen an diesem Wochenende zeitgleich ihre neuen Ausstellungen, erg\u00e4nzt durch zehn Off-Spaces sowie ein Programm von Museen, Kunstvereinen und Stiftungen beider St\u00e4dte. Was einst als \u00fcberschaubarer rheinischer Rundgang begann, ist l\u00e4ngst ein Erfolgsmodell geworden.<\/p>\n<p>Auch die K\u00f6lner Repr\u00e4sentanz des Auktionshauses Ketterer aus M\u00fcnchen f\u00fcgt sich, auf andere Weise, in dieses Bild der Selbstbehauptung: Organisiert vom Berliner Galeristen Michael Haas versammelt <a class=\"is-link c-block-items__link is-external c-link--rich-text-renderer\" href=\"https:\/\/galeriehaas.com\/news\/dapres-manet-on-view-at-ketterer-kunst-cologne\/\" target=\"_blank\" title=\"Link wird in einem neuen Tab ge\u00f6ffnet\" rel=\"nofollow noopener\" data-internal-tracking-enabled=\"true\" data-internal-tracking=\"{&quot;action&quot;:&quot;click&quot;,&quot;label&quot;:&quot;link&quot;,&quot;name&quot;:&quot;Inline Element&quot;,&quot;data&quot;:{&quot;source&quot;:&quot;&quot;,&quot;target&quot;:&quot;https:\/\/galeriehaas.com\/news\/dapres-manet-on-view-at-ketterer-kunst-cologne\/&quot;,&quot;trackingName&quot;:&quot;&quot;,&quot;trackingLabel&quot;:&quot;&quot;}}\">\u201eD\u2019apr\u00e8s Manet\u201c<\/a> 30 K\u00fcnstler mit Werken, die oftmals eigens f\u00fcr die Schau entstanden sind \u2013 ein in Form einer Hommage formulierter Widerspruch gegen einen Maler, der seinerzeit selbst als Regelbrecher galt. Highlight ist eine figurativ zu nennende Leinwand von <a class=\"is-link c-block-items__link c-link--rich-text-renderer\" href=\"https:\/\/www.welt.de\/themen\/albert-oehlen\/\" data-internal-tracking-enabled=\"true\" data-internal-tracking=\"{&quot;action&quot;:&quot;click&quot;,&quot;label&quot;:&quot;link&quot;,&quot;name&quot;:&quot;Inline Element&quot;,&quot;data&quot;:{&quot;source&quot;:&quot;&quot;,&quot;target&quot;:&quot;https:\/\/www.welt.de\/themen\/albert-oehlen\/&quot;,&quot;trackingName&quot;:&quot;&quot;,&quot;trackingLabel&quot;:&quot;&quot;}}\" rel=\"nofollow noopener\" target=\"_blank\">Albert Oehlen<\/a>.<\/p>\n<p>Das Festival <a class=\"is-link c-block-items__link is-external c-link--rich-text-renderer\" href=\"https:\/\/www.dc-open.de\/\" target=\"_blank\" title=\"Link wird in einem neuen Tab ge\u00f6ffnet\" rel=\"nofollow noopener\" data-internal-tracking-enabled=\"true\" data-internal-tracking=\"{&quot;action&quot;:&quot;click&quot;,&quot;label&quot;:&quot;link&quot;,&quot;name&quot;:&quot;Inline Element&quot;,&quot;data&quot;:{&quot;source&quot;:&quot;&quot;,&quot;target&quot;:&quot;https:\/\/www.dc-open.de\/&quot;,&quot;trackingName&quot;:&quot;&quot;,&quot;trackingLabel&quot;:&quot;&quot;}}\">DC Open<\/a> l\u00e4uft vom 4. bis 6. September 2026 in Kunstgalerien in D\u00fcsseldorf und K\u00f6ln.<\/p>\n","protected":false},"excerpt":{"rendered":"Beim Kunstwochenende DC Open zeigen 50 Galerien in D\u00fcsseldorf und K\u00f6ln ihre besten Ausstellungen. Darunter: ein Wiedersehen mit&hellip;\n","protected":false},"author":2,"featured_media":376768,"comment_status":"","ping_status":"","sticky":false,"template":"","format":"standard","meta":{"footnotes":"","_share_on_mastodon":"0"},"categories":[26],"tags":[158,157,46,42,12280,55242,159,3429,147,6382,94156,94157,180,161,160,6383,94154,44,94155,210,148],"class_list":["post-376767","post","type-post","status-publish","format-standard","has-post-thumbnail","category-kunst-und-design","tag-art","tag-art-and-design","tag-at","tag-austria","tag-bildende-kunst","tag-bourgeois","tag-design","tag-duesseldorf","tag-entertainment","tag-galerien","tag-greve","tag-karsten","tag-koeln","tag-kunst","tag-kunst-und-design","tag-kunsthandel","tag-louise-1911-2010","tag-oesterreich","tag-pussy-riot","tag-texttospeech","tag-unterhaltung"],"share_on_mastodon":{"url":"https:\/\/pubeurope.com\/@at\/117217678321900890","error":""},"_links":{"self":[{"href":"https:\/\/www.europesays.com\/at\/wp-json\/wp\/v2\/posts\/376767","targetHints":{"allow":["GET"]}}],"collection":[{"href":"https:\/\/www.europesays.com\/at\/wp-json\/wp\/v2\/posts"}],"about":[{"href":"https:\/\/www.europesays.com\/at\/wp-json\/wp\/v2\/types\/post"}],"author":[{"embeddable":true,"href":"https:\/\/www.europesays.com\/at\/wp-json\/wp\/v2\/users\/2"}],"replies":[{"embeddable":true,"href":"https:\/\/www.europesays.com\/at\/wp-json\/wp\/v2\/comments?post=376767"}],"version-history":[{"count":0,"href":"https:\/\/www.europesays.com\/at\/wp-json\/wp\/v2\/posts\/376767\/revisions"}],"wp:featuredmedia":[{"embeddable":true,"href":"https:\/\/www.europesays.com\/at\/wp-json\/wp\/v2\/media\/376768"}],"wp:attachment":[{"href":"https:\/\/www.europesays.com\/at\/wp-json\/wp\/v2\/media?parent=376767"}],"wp:term":[{"taxonomy":"category","embeddable":true,"href":"https:\/\/www.europesays.com\/at\/wp-json\/wp\/v2\/categories?post=376767"},{"taxonomy":"post_tag","embeddable":true,"href":"https:\/\/www.europesays.com\/at\/wp-json\/wp\/v2\/tags?post=376767"}],"curies":[{"name":"wp","href":"https:\/\/api.w.org\/{rel}","templated":true}]}}